{"id":3550,"date":"2026-03-12T15:57:12","date_gmt":"2026-03-12T15:57:12","guid":{"rendered":"https:\/\/lecrindelacite.com\/?p=3550"},"modified":"2026-03-16T08:27:32","modified_gmt":"2026-03-16T08:27:32","slug":"que-faire-a-carcassonne-au-printemps-10-experiences-incontournables","status":"publish","type":"post","link":"https:\/\/lecrindelacite.com\/fr\/que-faire-a-carcassonne-au-printemps-10-experiences-incontournables\/","title":{"rendered":"Que faire \u00e0 Carcassonne au printemps ? 10 exp\u00e9riences incontournables"},"content":{"rendered":"\n<p class=\"has-small-font-size\" style=\"line-height:1.4\">Le printemps est l\u2019une des plus belles saisons pour visiter <strong>Carcassonne<\/strong>. Les temp\u00e9ratures deviennent douces, la nature se r\u00e9veille et les ruelles de la cit\u00e9 m\u00e9di\u00e9vale retrouvent leur charme authentique avant l\u2019affluence estivale.<\/p>\n\n\n\n<p class=\"has-small-font-size\" style=\"line-height:1.4\">Entre patrimoine m\u00e9di\u00e9val, vignobles, balades en pleine nature et exp\u00e9riences gastronomiques, la r\u00e9gion offre une multitude d\u2019activit\u00e9s \u00e0 d\u00e9couvrir.<\/p>\n\n\n\n<p class=\"has-small-font-size\" style=\"line-height:1.4\">Pour profiter pleinement de votre s\u00e9jour, s\u00e9journer dans une villa privatis\u00e9e face aux remparts permet de vivre <strong>Carcassonne autrement<\/strong>, avec des exp\u00e9riences sur mesure organis\u00e9es directement dans votre h\u00e9bergement.<\/p>\n\n\n\n<p class=\"has-small-font-size\" style=\"line-height:1.4\">Les villas <strong><a href=\"https:\/\/lecrindelacite.com\/les-maisons\/grand-panorama\/\" data-type=\"page\" data-id=\"18\">L\u2019\u00c9crin Grand Panorama<\/a><\/strong> et <strong><a href=\"https:\/\/lecrindelacite.com\/les-maisons\/coeur-de-vignes\/\" data-type=\"page\" data-id=\"19\">L\u2019\u00c9crin C\u0153ur de Vignes<\/a><\/strong> proposent des services premium et des exp\u00e9riences locales pour d\u00e9couvrir le territoire comme un initi\u00e9.<\/p>\n\n\n\n<p class=\"has-small-font-size\" style=\"line-height:1.4\">Voici <strong>10 id\u00e9es d\u2019activit\u00e9s \u00e0 ne pas manquer \u00e0 Carcassonne au printemps.<\/strong><\/p>\n\n\n\n<h2 class=\"wp-block-heading has-text-color has-link-color has-medium-font-size wp-elements-8813930e5295ec0f6e901650097ede55\" style=\"color:#79a900\"><strong>1. Explorer la Cit\u00e9 de Carcassonne<\/strong><\/h2>\n\n\n\n<p class=\"has-small-font-size\" style=\"line-height:1.4\">Situ\u00e9e \u00e0 200 m\u00e8tres des villas, la c\u00e9l\u00e8bre <strong>Cit\u00e9 de Carcassonne<\/strong> est l\u2019un des sites m\u00e9di\u00e9vaux les plus impressionnants d\u2019Europe.<\/p>\n\n\n\n<div class=\"wp-block-media-text is-stacked-on-mobile is-image-fill-element\" style=\"grid-template-columns:40% auto\"><figure class=\"wp-block-media-text__media\"><img fetchpriority=\"high\" decoding=\"async\" width=\"1024\" height=\"575\" src=\"https:\/\/lecrindelacite.com\/wp-content\/uploads\/2025\/06\/vue-aeriee-ecrin-de-la-cite-1024x575.jpg\" alt=\"Vue a\u00e9rienne de la cit\u00e9 m\u00e9di\u00e9vale de Carcassonne.\" class=\"wp-image-85 size-full\" style=\"object-position:7% 26%\" srcset=\"https:\/\/lecrindelacite.com\/wp-content\/uploads\/2025\/06\/vue-aeriee-ecrin-de-la-cite-1024x575.jpg 1024w, https:\/\/lecrindelacite.com\/wp-content\/uploads\/2025\/06\/vue-aeriee-ecrin-de-la-cite-300x169.jpg 300w, https:\/\/lecrindelacite.com\/wp-content\/uploads\/2025\/06\/vue-aeriee-ecrin-de-la-cite-768x431.jpg 768w, https:\/\/lecrindelacite.com\/wp-content\/uploads\/2025\/06\/vue-aeriee-ecrin-de-la-cite-1536x863.jpg 1536w, https:\/\/lecrindelacite.com\/wp-content\/uploads\/2025\/06\/vue-aeriee-ecrin-de-la-cite-2048x1151.jpg 2048w, https:\/\/lecrindelacite.com\/wp-content\/uploads\/2025\/06\/vue-aeriee-ecrin-de-la-cite-18x10.jpg 18w\" sizes=\"(max-width: 1024px) 100vw, 1024px\" \/><\/figure><div class=\"wp-block-media-text__content\">\n<p class=\"has-small-font-size\">Au printemps :<\/p>\n\n\n\n<ul class=\"wp-block-list has-small-font-size\">\n<li>les temp\u00e9ratures sont parfaites pour marcher<\/li>\n\n\n\n<li>les ruelles sont beaucoup plus calmes<\/li>\n\n\n\n<li>les paysages autour de la cit\u00e9 deviennent verdoyants<\/li>\n<\/ul>\n\n\n\n<p class=\"has-small-font-size\">Prenez le temps de parcourir les remparts, d\u2019explorer les ruelles pav\u00e9es et de visiter le <strong>Ch\u00e2teau Comtal de Carcassonne<\/strong>, qui raconte l\u2019histoire fascinante de la forteresse.<\/p>\n\n\n\n<p class=\"has-small-font-size\"><\/p>\n<\/div><\/div>\n\n\n\n<h2 class=\"wp-block-heading has-text-color has-link-color has-medium-font-size wp-elements-dcca674de2f8eaf882e94f065cf6c2c0\" style=\"color:#79a900\"><strong>2. Faire du v\u00e9lo le long du Canal du Midi<\/strong><\/h2>\n\n\n\n<p class=\"has-small-font-size\">Class\u00e9 au patrimoine mondial de l\u2019Unesco, le <strong>Canal du Midi<\/strong> est l\u2019un des plus beaux itin\u00e9raires pour une balade printani\u00e8re.<\/p>\n\n\n\n<div class=\"wp-block-media-text has-media-on-the-right is-stacked-on-mobile\" style=\"grid-template-columns:auto 39%\"><div class=\"wp-block-media-text__content\">\n<p class=\"has-small-font-size\">Au printemps, les platanes bordant le canal offrent un cadre id\u00e9al pour :<\/p>\n\n\n\n<ul class=\"wp-block-list\">\n<li class=\"has-small-font-size\">une promenade \u00e0 v\u00e9lo<\/li>\n\n\n\n<li class=\"has-small-font-size\">un pique-nique au bord de l\u2019eau<\/li>\n\n\n\n<li class=\"has-small-font-size\">une balade familiale<\/li>\n<\/ul>\n\n\n\n<p class=\"has-small-font-size\">Gr\u00e2ce aux partenaires de<a href=\"https:\/\/lecrindelacite.com\/\" data-type=\"page\" data-id=\"2751\"> <strong>L\u2019\u00c9crin de la Cit\u00e9<\/strong><\/a>, vous pouvez louer des <strong><a href=\"https:\/\/lecrindelacite.com\/nos-partenaires\/\" data-type=\"page\" data-id=\"20\">v\u00e9los classiques ou \u00e9lectriques livr\u00e9s directement \u00e0 votre villa<\/a><\/strong>, parfait pour partir explorer la r\u00e9gion en toute libert\u00e9.<\/p>\n<\/div><figure class=\"wp-block-media-text__media\"><img decoding=\"async\" width=\"1024\" height=\"683\" src=\"https:\/\/lecrindelacite.com\/wp-content\/uploads\/2026\/03\/Canal-du-midi-enfants-1024x683.png\" alt=\"Enfants observant canal avec bateaux en automne.\" class=\"wp-image-3567 size-full\" srcset=\"https:\/\/lecrindelacite.com\/wp-content\/uploads\/2026\/03\/Canal-du-midi-enfants-1024x683.png 1024w, https:\/\/lecrindelacite.com\/wp-content\/uploads\/2026\/03\/Canal-du-midi-enfants-300x200.png 300w, https:\/\/lecrindelacite.com\/wp-content\/uploads\/2026\/03\/Canal-du-midi-enfants-768x512.png 768w, https:\/\/lecrindelacite.com\/wp-content\/uploads\/2026\/03\/Canal-du-midi-enfants-18x12.png 18w, https:\/\/lecrindelacite.com\/wp-content\/uploads\/2026\/03\/Canal-du-midi-enfants.png 1536w\" sizes=\"(max-width: 1024px) 100vw, 1024px\" \/><\/figure><\/div>\n\n\n\n<p class=\"has-small-font-size\"><\/p>\n\n\n\n<h2 class=\"wp-block-heading has-text-color has-link-color has-medium-font-size wp-elements-f0f94cccc4ac235045a75de4dc0981db\" style=\"color:#79a900\"><strong>3. D\u00e9couvrir les villages autour de Carcassonne<\/strong><\/h2>\n\n\n\n<p class=\"has-small-font-size\">La r\u00e9gion de l\u2019Aude regorge de villages m\u00e9di\u00e9vaux magnifiques.<\/p>\n\n\n\n<div class=\"wp-block-media-text is-stacked-on-mobile\"><figure class=\"wp-block-media-text__media\"><img decoding=\"async\" width=\"800\" height=\"450\" src=\"https:\/\/lecrindelacite.com\/wp-content\/uploads\/2025\/06\/lagrasse.jpg\" alt=\"Village m\u00e9di\u00e9val entour\u00e9 de collines verdoyantes\" class=\"wp-image-774 size-full\" srcset=\"https:\/\/lecrindelacite.com\/wp-content\/uploads\/2025\/06\/lagrasse.jpg 800w, https:\/\/lecrindelacite.com\/wp-content\/uploads\/2025\/06\/lagrasse-300x169.jpg 300w, https:\/\/lecrindelacite.com\/wp-content\/uploads\/2025\/06\/lagrasse-768x432.jpg 768w, https:\/\/lecrindelacite.com\/wp-content\/uploads\/2025\/06\/lagrasse-18x10.jpg 18w\" sizes=\"(max-width: 800px) 100vw, 800px\" \/><\/figure><div class=\"wp-block-media-text__content\">\n<p class=\"has-small-font-size\">Parmi les plus beaux :<\/p>\n\n\n\n<ul class=\"wp-block-list has-small-font-size\">\n<li><strong>Lagrasse<\/strong><\/li>\n\n\n\n<li><strong>Montolieu<\/strong>, le village du livre<\/li>\n\n\n\n<li><strong>Minerve<\/strong>, spectaculaire village perch\u00e9<\/li>\n<\/ul>\n\n\n\n<p class=\"has-small-font-size\">Ces villages sont particuli\u00e8rement agr\u00e9ables \u00e0 visiter au printemps lorsque les paysages des <strong>Corbi\u00e8res<\/strong> sont en fleurs.<\/p>\n<\/div><\/div>\n\n\n\n<!--more-->\n\n\n\n<h2 class=\"wp-block-heading has-text-color has-link-color has-medium-font-size wp-elements-3ec065cf28070922e6c668c9d576f70a\" style=\"color:#79a900\"><strong>4. Partir \u00e0 la d\u00e9couverte des forteresses royales <\/strong>du Languedoc<\/h2>\n\n\n\n<p class=\"has-small-font-size\">Impossible de s\u00e9journer \u00e0 <strong>Carcassonne<\/strong> sans explorer les mythiques <a href=\"https:\/\/lecrindelacite.com\/sejour-dans-la-region\/\" data-type=\"page\" data-id=\"792\"><strong>forteresses royales<\/strong><\/a> actuellement en lice pour une inscription au patrimoine mondial de l\u2019UNESCO.<\/p>\n\n\n\n<div class=\"wp-block-media-text has-media-on-the-right is-stacked-on-mobile is-image-fill-element\"><div class=\"wp-block-media-text__content\">\n<p class=\"has-small-font-size\">Les plus impressionnantes sont :<\/p>\n\n\n\n<ul class=\"wp-block-list\">\n<li class=\"has-small-font-size\"><strong>Ch\u00e2teau de Peyrepertuse<\/strong><\/li>\n\n\n\n<li class=\"has-small-font-size\"><strong>Ch\u00e2teau de Qu\u00e9ribus<\/strong><\/li>\n<\/ul>\n\n\n\n<p class=\"has-small-font-size\">Perch\u00e9es sur des falaises spectaculaires, ces forteresses offrent des panoramas exceptionnels sur la r\u00e9gion.<\/p>\n\n\n\n<p class=\"has-small-font-size\">Le printemps est id\u00e9al pour ces visites car la chaleur reste mod\u00e9r\u00e9e.<\/p>\n<\/div><figure class=\"wp-block-media-text__media\"><img loading=\"lazy\" decoding=\"async\" width=\"1024\" height=\"680\" src=\"https:\/\/lecrindelacite.com\/wp-content\/uploads\/2025\/06\/duilhac-sous-peyrepertuse-2015-11-chateau-vue-ciel-cr-e-de-puy-adt-aude-02-Copier-1024x680.jpg\" alt=\"Ch\u00e2teau m\u00e9di\u00e9val sur colline verdoyante, paysages magnifiques.\" class=\"wp-image-1395 size-full\" style=\"object-position:50% 50%\" srcset=\"https:\/\/lecrindelacite.com\/wp-content\/uploads\/2025\/06\/duilhac-sous-peyrepertuse-2015-11-chateau-vue-ciel-cr-e-de-puy-adt-aude-02-Copier-1024x680.jpg 1024w, https:\/\/lecrindelacite.com\/wp-content\/uploads\/2025\/06\/duilhac-sous-peyrepertuse-2015-11-chateau-vue-ciel-cr-e-de-puy-adt-aude-02-Copier-300x199.jpg 300w, https:\/\/lecrindelacite.com\/wp-content\/uploads\/2025\/06\/duilhac-sous-peyrepertuse-2015-11-chateau-vue-ciel-cr-e-de-puy-adt-aude-02-Copier-768x510.jpg 768w, https:\/\/lecrindelacite.com\/wp-content\/uploads\/2025\/06\/duilhac-sous-peyrepertuse-2015-11-chateau-vue-ciel-cr-e-de-puy-adt-aude-02-Copier-1536x1020.jpg 1536w, https:\/\/lecrindelacite.com\/wp-content\/uploads\/2025\/06\/duilhac-sous-peyrepertuse-2015-11-chateau-vue-ciel-cr-e-de-puy-adt-aude-02-Copier-18x12.jpg 18w, https:\/\/lecrindelacite.com\/wp-content\/uploads\/2025\/06\/duilhac-sous-peyrepertuse-2015-11-chateau-vue-ciel-cr-e-de-puy-adt-aude-02-Copier.jpg 1600w\" sizes=\"(max-width: 1024px) 100vw, 1024px\" \/><\/figure><\/div>\n\n\n\n<p class=\"has-small-font-size\"><\/p>\n\n\n\n<h2 class=\"wp-block-heading has-text-color has-link-color has-medium-font-size wp-elements-1b1bb679559ac4b015618a074be32dc0\" style=\"color:#79a900\"><strong>5. D\u00e9guster les vins du Languedoc<\/strong><\/h2>\n\n\n\n<p class=\"has-small-font-size\">Les vignobles autour de <strong>Carcassonne<\/strong> font partie des plus anciens de France.<\/p>\n\n\n\n<div class=\"wp-block-media-text is-stacked-on-mobile is-image-fill-element\"><figure class=\"wp-block-media-text__media\"><img loading=\"lazy\" decoding=\"async\" width=\"1024\" height=\"683\" src=\"https:\/\/lecrindelacite.com\/wp-content\/uploads\/2026\/03\/vin-carcassonne-villa-wine-tour-1024x683.jpg\" alt=\"Homme admirant une bouteille de vin devant un ch\u00e2teau.\" class=\"wp-image-3577 size-full\" style=\"object-position:50% 50%\" srcset=\"https:\/\/lecrindelacite.com\/wp-content\/uploads\/2026\/03\/vin-carcassonne-villa-wine-tour-1024x683.jpg 1024w, https:\/\/lecrindelacite.com\/wp-content\/uploads\/2026\/03\/vin-carcassonne-villa-wine-tour-300x200.jpg 300w, https:\/\/lecrindelacite.com\/wp-content\/uploads\/2026\/03\/vin-carcassonne-villa-wine-tour-768x512.jpg 768w, https:\/\/lecrindelacite.com\/wp-content\/uploads\/2026\/03\/vin-carcassonne-villa-wine-tour-1536x1024.jpg 1536w, https:\/\/lecrindelacite.com\/wp-content\/uploads\/2026\/03\/vin-carcassonne-villa-wine-tour-18x12.jpg 18w, https:\/\/lecrindelacite.com\/wp-content\/uploads\/2026\/03\/vin-carcassonne-villa-wine-tour.jpg 1920w\" sizes=\"(max-width: 1024px) 100vw, 1024px\" \/><\/figure><div class=\"wp-block-media-text__content\">\n<p class=\"has-small-font-size\">Le printemps est la saison parfaite pour d\u00e9couvrir :<\/p>\n\n\n\n<ul class=\"wp-block-list\">\n<li class=\"has-small-font-size\">les domaines viticoles<\/li>\n\n\n\n<li class=\"has-small-font-size\">les caves locales<\/li>\n\n\n\n<li class=\"has-small-font-size\">les appellations du Languedoc<\/li>\n<\/ul>\n\n\n\n<p class=\"has-small-font-size\">Pour une exp\u00e9rience plus exclusive, il est possible d\u2019organiser <strong><a href=\"https:\/\/lecrindelacite.com\/nos-partenaires\/\" data-type=\"page\" data-id=\"20\">une d\u00e9gustation priv\u00e9e dans votre villa avec un sommelier<\/a><\/strong>, qui vous fera d\u00e9couvrir les vins de l\u2019Aude et la c\u00e9l\u00e8bre <strong><a href=\"https:\/\/lecrindelacite.com\/sejour-dans-la-region\/\" data-type=\"page\" data-id=\"792\">Blanquette de Limoux<\/a><\/strong>.<\/p>\n<\/div><\/div>\n\n\n\n<p class=\"has-small-font-size\"><\/p>\n\n\n\n<h2 class=\"wp-block-heading has-text-color has-link-color wp-elements-ad19089b41f62e82cd27e7833842bda3\" style=\"color:#79a900\"><strong>6. Faire une randonn\u00e9e dans les paysages de l\u2019Aude<\/strong><\/h2>\n\n\n\n<p class=\"has-small-font-size\">Les paysages autour de <strong>Carcassonne<\/strong> sont magnifiques au printemps.<\/p>\n\n\n\n<div class=\"wp-block-media-text has-media-on-the-right is-stacked-on-mobile\"><div class=\"wp-block-media-text__content\">\n<p class=\"has-small-font-size\">Parmi les plus belles balades :<\/p>\n\n\n\n<ul class=\"wp-block-list\">\n<li class=\"has-small-font-size\">les collines des <strong>Corbi\u00e8res<\/strong><\/li>\n\n\n\n<li class=\"has-small-font-size\">les sentiers autour du <strong>Lac de la Cavay\u00e8re<\/strong><\/li>\n\n\n\n<li class=\"has-small-font-size\">les chemins proches des ch\u00e2teaux cathares<\/li>\n<\/ul>\n\n\n\n<p class=\"has-small-font-size\">La nature est verdoyante et les temp\u00e9ratures sont id\u00e9ales pour la randonn\u00e9e.<\/p>\n<\/div><figure class=\"wp-block-media-text__media\"><img loading=\"lazy\" decoding=\"async\" width=\"1024\" height=\"575\" src=\"https:\/\/lecrindelacite.com\/wp-content\/uploads\/2026\/03\/Balade-VTT-1024x575.jpeg\" alt=\"Vignoble avec ch\u00e2teau m\u00e9di\u00e9val en arri\u00e8re-plan, Carcassonne.\" class=\"wp-image-3579 size-full\" srcset=\"https:\/\/lecrindelacite.com\/wp-content\/uploads\/2026\/03\/Balade-VTT-1024x575.jpeg 1024w, https:\/\/lecrindelacite.com\/wp-content\/uploads\/2026\/03\/Balade-VTT-300x169.jpeg 300w, https:\/\/lecrindelacite.com\/wp-content\/uploads\/2026\/03\/Balade-VTT-768x432.jpeg 768w, https:\/\/lecrindelacite.com\/wp-content\/uploads\/2026\/03\/Balade-VTT-1536x863.jpeg 1536w, https:\/\/lecrindelacite.com\/wp-content\/uploads\/2026\/03\/Balade-VTT-18x10.jpeg 18w, https:\/\/lecrindelacite.com\/wp-content\/uploads\/2026\/03\/Balade-VTT.jpeg 1600w\" sizes=\"(max-width: 1024px) 100vw, 1024px\" \/><\/figure><\/div>\n\n\n\n<p class=\"has-small-font-size\"><\/p>\n\n\n\n<h2 class=\"wp-block-heading has-text-color has-link-color wp-elements-77c81a399c6288fe243129b3b2513672\" style=\"color:#79a900\"><strong>7. Profiter du Lac de la Cavay\u00e8re<\/strong><\/h2>\n\n\n\n<p class=\"has-small-font-size\">Situ\u00e9 \u00e0 seulement quelques minutes des villas, le <strong>Lac de la Cavay\u00e8re<\/strong> est un v\u00e9ritable espace naturel.<\/p>\n\n\n\n<div class=\"wp-block-media-text is-stacked-on-mobile\"><figure class=\"wp-block-media-text__media\"><img loading=\"lazy\" decoding=\"async\" width=\"699\" height=\"466\" src=\"https:\/\/lecrindelacite.com\/wp-content\/uploads\/2025\/06\/lac-cavayere.jpg\" alt=\"Lac avec plage et structures gonflables.\" class=\"wp-image-1619 size-full\" srcset=\"https:\/\/lecrindelacite.com\/wp-content\/uploads\/2025\/06\/lac-cavayere.jpg 699w, https:\/\/lecrindelacite.com\/wp-content\/uploads\/2025\/06\/lac-cavayere-300x200.jpg 300w, https:\/\/lecrindelacite.com\/wp-content\/uploads\/2025\/06\/lac-cavayere-18x12.jpg 18w\" sizes=\"(max-width: 699px) 100vw, 699px\" \/><\/figure><div class=\"wp-block-media-text__content\">\n<p class=\"has-small-font-size\">Au printemps, vous pouvez :<\/p>\n\n\n\n<ul class=\"wp-block-list\">\n<li class=\"has-small-font-size\">faire le tour du lac \u00e0 pied<\/li>\n\n\n\n<li class=\"has-small-font-size\">louer un p\u00e9dalo<\/li>\n\n\n\n<li class=\"has-small-font-size\">profiter d\u2019un pique-nique face aux collines<\/li>\n<\/ul>\n\n\n\n<p class=\"has-small-font-size\">C\u2019est un endroit tr\u00e8s appr\u00e9ci\u00e9 pour les familles.<\/p>\n<\/div><\/div>\n\n\n\n<h2 class=\"wp-block-heading has-text-color has-link-color wp-elements-423861a8695c021818f6e4addabcb20a\" style=\"color:#79a900\"><strong>8. Participer \u00e0 un atelier de cuisine ou de p\u00e2tisserie<\/strong><\/h2>\n\n\n\n<p class=\"has-small-font-size\">La gastronomie fait partie int\u00e9grante d\u2019un s\u00e9jour dans l\u2019Aude.<\/p>\n\n\n\n<div class=\"wp-block-media-text has-media-on-the-right is-stacked-on-mobile\"><div class=\"wp-block-media-text__content\">\n<p class=\"has-small-font-size\">Gr\u00e2ce aux partenaires de <strong>L\u2019\u00c9crin de la Cit\u00e9<\/strong>, vous pouvez participer directement dans votre villa \u00e0 :<\/p>\n\n\n\n<ul class=\"wp-block-list has-small-font-size\">\n<li>un <strong><a href=\"https:\/\/lecrindelacite.com\/nos-partenaires\/\" data-type=\"page\" data-id=\"20\">atelier pizza avec un champion prim\u00e9<\/a><\/strong><\/li>\n\n\n\n<li>un <strong>atelier p\u00e2tisserie avec une finaliste du Meilleur P\u00e2tissier<\/strong><\/li>\n\n\n\n<li>un <strong>cours de cuisine autour du cassoulet traditionnel<\/strong><\/li>\n<\/ul>\n\n\n\n<p class=\"has-small-font-size\">Ces exp\u00e9riences culinaires sont id\u00e9ales pour partager un moment convivial en famille ou entre amis.<\/p>\n\n\n\n<p><\/p>\n<\/div><figure class=\"wp-block-media-text__media\"><img loading=\"lazy\" decoding=\"async\" width=\"1024\" height=\"659\" src=\"https:\/\/lecrindelacite.com\/wp-content\/uploads\/2026\/03\/Coeur-de-vignes-Int-3-1024x659.jpg\" alt=\"Mains pr\u00e9parant une pizza avec tomate et basilic\" class=\"wp-image-3582 size-full\" srcset=\"https:\/\/lecrindelacite.com\/wp-content\/uploads\/2026\/03\/Coeur-de-vignes-Int-3-1024x659.jpg 1024w, https:\/\/lecrindelacite.com\/wp-content\/uploads\/2026\/03\/Coeur-de-vignes-Int-3-300x193.jpg 300w, https:\/\/lecrindelacite.com\/wp-content\/uploads\/2026\/03\/Coeur-de-vignes-Int-3-768x494.jpg 768w, https:\/\/lecrindelacite.com\/wp-content\/uploads\/2026\/03\/Coeur-de-vignes-Int-3-1536x989.jpg 1536w, https:\/\/lecrindelacite.com\/wp-content\/uploads\/2026\/03\/Coeur-de-vignes-Int-3-2048x1318.jpg 2048w, https:\/\/lecrindelacite.com\/wp-content\/uploads\/2026\/03\/Coeur-de-vignes-Int-3-18x12.jpg 18w\" sizes=\"(max-width: 1024px) 100vw, 1024px\" \/><\/figure><\/div>\n\n\n\n<h2 class=\"wp-block-heading has-text-color has-link-color wp-elements-ffb56c0e662c02d1c952cb85b0b0824c\" style=\"color:#79a900\"><strong>9. Profiter d\u2019un d\u00eener gastronomique avec chef priv\u00e9<\/strong><\/h2>\n\n\n\n<p class=\"has-small-font-size\">Apr\u00e8s une journ\u00e9e de d\u00e9couverte, rien de tel qu\u2019un d\u00eener pr\u00e9par\u00e9 par un chef dans l\u2019intimit\u00e9 de votre villa.<\/p>\n\n\n\n<div class=\"wp-block-media-text is-stacked-on-mobile is-image-fill-element\"><figure class=\"wp-block-media-text__media\"><img loading=\"lazy\" decoding=\"async\" width=\"1024\" height=\"683\" src=\"https:\/\/lecrindelacite.com\/wp-content\/uploads\/2026\/03\/Daniel-Minet-1024x683.jpg\" alt=\"Homme appuy\u00e9 sur guides Michelin France color\u00e9s\" class=\"wp-image-3591 size-full\" style=\"object-position:50% 50%\" srcset=\"https:\/\/lecrindelacite.com\/wp-content\/uploads\/2026\/03\/Daniel-Minet-1024x683.jpg 1024w, https:\/\/lecrindelacite.com\/wp-content\/uploads\/2026\/03\/Daniel-Minet-300x200.jpg 300w, https:\/\/lecrindelacite.com\/wp-content\/uploads\/2026\/03\/Daniel-Minet-768x512.jpg 768w, https:\/\/lecrindelacite.com\/wp-content\/uploads\/2026\/03\/Daniel-Minet-18x12.jpg 18w, https:\/\/lecrindelacite.com\/wp-content\/uploads\/2026\/03\/Daniel-Minet.jpg 1360w\" sizes=\"(max-width: 1024px) 100vw, 1024px\" \/><\/figure><div class=\"wp-block-media-text__content\">\n<p class=\"has-small-font-size\">Les partenaires de <strong>L\u2019\u00c9crin de la Cit\u00e9<\/strong> proposent :<\/p>\n\n\n\n<ul class=\"wp-block-list\">\n<li class=\"has-small-font-size\">chef \u00e0 domicile<\/li>\n\n\n\n<li class=\"has-small-font-size\">traiteur gastronomique<\/li>\n\n\n\n<li class=\"has-small-font-size\">brunch ou cocktail d\u00eenatoire<\/li>\n<\/ul>\n\n\n\n<p class=\"has-small-font-size\">Une exp\u00e9rience parfaite pour c\u00e9l\u00e9brer un anniversaire, un week-end entre amis ou un s\u00e9jour en famille.<\/p>\n<\/div><\/div>\n\n\n\n<p><\/p>\n\n\n\n<h2 class=\"wp-block-heading has-text-color has-link-color wp-elements-7ecc24e93d9c371252d9c5933dae2d4b\" style=\"color:#79a900\"><strong>10. S\u2019offrir une parenth\u00e8se bien-\u00eatre<\/strong><\/h2>\n\n\n\n<p class=\"has-small-font-size\">Le printemps est aussi la saison id\u00e9ale pour ralentir et profiter d\u2019un moment de d\u00e9tente.<\/p>\n\n\n\n<div class=\"wp-block-media-text has-media-on-the-right is-stacked-on-mobile\"><div class=\"wp-block-media-text__content\">\n<p class=\"has-small-font-size\">Des praticiens peuvent venir directement dans votre villa pour proposer :<\/p>\n\n\n\n<ul class=\"wp-block-list\">\n<li class=\"has-small-font-size\">massages relaxants<\/li>\n\n\n\n<li class=\"has-small-font-size\">r\u00e9flexologie<\/li>\n\n\n\n<li class=\"has-small-font-size\">s\u00e9ances de yoga ou coaching sportif<\/li>\n<\/ul>\n\n\n\n<p class=\"has-small-font-size\">Une fa\u00e7on parfaite de terminer une journ\u00e9e de visite autour de <strong>Carcassonne<\/strong>.<\/p>\n<\/div><figure class=\"wp-block-media-text__media\"><img loading=\"lazy\" decoding=\"async\" width=\"1024\" height=\"683\" src=\"https:\/\/lecrindelacite.com\/wp-content\/uploads\/2025\/10\/18-Carcassonne-massage-vue-cite-1024x683.jpg\" alt=\"Massage en ext\u00e9rieur pr\u00e8s d'un ch\u00e2teau m\u00e9di\u00e9val.\" class=\"wp-image-2879 size-full\" srcset=\"https:\/\/lecrindelacite.com\/wp-content\/uploads\/2025\/10\/18-Carcassonne-massage-vue-cite-1024x683.jpg 1024w, https:\/\/lecrindelacite.com\/wp-content\/uploads\/2025\/10\/18-Carcassonne-massage-vue-cite-300x200.jpg 300w, https:\/\/lecrindelacite.com\/wp-content\/uploads\/2025\/10\/18-Carcassonne-massage-vue-cite-768x512.jpg 768w, https:\/\/lecrindelacite.com\/wp-content\/uploads\/2025\/10\/18-Carcassonne-massage-vue-cite-1536x1024.jpg 1536w, https:\/\/lecrindelacite.com\/wp-content\/uploads\/2025\/10\/18-Carcassonne-massage-vue-cite-2048x1365.jpg 2048w, https:\/\/lecrindelacite.com\/wp-content\/uploads\/2025\/10\/18-Carcassonne-massage-vue-cite-18x12.jpg 18w\" sizes=\"(max-width: 1024px) 100vw, 1024px\" \/><\/figure><\/div>\n\n\n\n<p><\/p>\n\n\n\n<h2 class=\"wp-block-heading has-text-color has-link-color wp-elements-128f1d8140548027ebae980ffba56195\" style=\"color:#5dcc25\"><strong>O\u00f9 s\u00e9journer \u00e0 Carcassonne au printemps ?<\/strong><\/h2>\n\n\n\n<p class=\"has-small-font-size\">Pour profiter pleinement de la r\u00e9gion, s\u00e9journer dans une villa privatis\u00e9e permet de vivre une exp\u00e9rience unique.<\/p>\n\n\n\n<p class=\"has-small-font-size\">Les villas <strong><a href=\"https:\/\/lecrindelacite.com\/les-maisons\/grand-panorama\/\" data-type=\"page\" data-id=\"18\">L\u2019\u00c9crin Grand Panorama<\/a><\/strong> et <strong><a href=\"https:\/\/lecrindelacite.com\/les-maisons\/coeur-de-vignes\/\" data-type=\"page\" data-id=\"19\">L\u2019\u00c9crin C\u0153ur de Vignes<\/a><\/strong> offrent :<\/p>\n\n\n\n<ul class=\"wp-block-list has-small-font-size\">\n<li>vue exceptionnelle sur la cit\u00e9 m\u00e9di\u00e9vale<\/li>\n\n\n\n<li>piscine chauff\u00e9e et jacuzzi<\/li>\n\n\n\n<li>grandes suites privatives<\/li>\n\n\n\n<li>services et exp\u00e9riences sur mesure.<\/li>\n<\/ul>\n\n\n\n<p class=\"has-small-font-size\">C\u2019est l\u2019endroit id\u00e9al pour d\u00e9couvrir <strong>Carcassonne<\/strong> dans un cadre exclusif et confortable.<\/p>\n\n\n\n<p><\/p>\n","protected":false},"excerpt":{"rendered":"<p>Le printemps est l\u2019une des plus belles saisons pour visiter Carcassonne. Les temp\u00e9ratures deviennent douces, la nature se r\u00e9veille et les ruelles de la cit\u00e9 m\u00e9di\u00e9vale retrouvent leur charme authentique avant l\u2019affluence estivale.<br \/>\nLa r\u00e9gion offre une multitude d\u2019activit\u00e9s \u00e0 d\u00e9couvrir.<\/p>\n","protected":false},"author":1,"featured_media":3595,"comment_status":"open","ping_status":"open","sticky":false,"template":"","format":"standard","meta":{"_acf_changed":false,"_seopress_robots_primary_cat":"none","_seopress_titles_title":"Printemps \u00e0 Carcassonne: 10 Activit\u00e9s Immanquables","_seopress_titles_desc":"D\u00e9couvrez Carcassonne en printemps : ruelles paisibles, vignobles locaux et villas priv\u00e9es pour vivre des exp\u00e9riences uniques. Explorez la cit\u00e9 m\u00e9di\u00e9vale!","_seopress_robots_index":"","footnotes":""},"categories":[1],"tags":[],"class_list":["post-3550","post","type-post","status-publish","format-standard","has-post-thumbnail","hentry","category-uncategorized"],"acf":[],"_links":{"self":[{"href":"https:\/\/lecrindelacite.com\/fr\/wp-json\/wp\/v2\/posts\/3550","targetHints":{"allow":["GET"]}}],"collection":[{"href":"https:\/\/lecrindelacite.com\/fr\/wp-json\/wp\/v2\/posts"}],"about":[{"href":"https:\/\/lecrindelacite.com\/fr\/wp-json\/wp\/v2\/types\/post"}],"author":[{"embeddable":true,"href":"https:\/\/lecrindelacite.com\/fr\/wp-json\/wp\/v2\/users\/1"}],"replies":[{"embeddable":true,"href":"https:\/\/lecrindelacite.com\/fr\/wp-json\/wp\/v2\/comments?post=3550"}],"version-history":[{"count":36,"href":"https:\/\/lecrindelacite.com\/fr\/wp-json\/wp\/v2\/posts\/3550\/revisions"}],"predecessor-version":[{"id":3597,"href":"https:\/\/lecrindelacite.com\/fr\/wp-json\/wp\/v2\/posts\/3550\/revisions\/3597"}],"wp:featuredmedia":[{"embeddable":true,"href":"https:\/\/lecrindelacite.com\/fr\/wp-json\/wp\/v2\/media\/3595"}],"wp:attachment":[{"href":"https:\/\/lecrindelacite.com\/fr\/wp-json\/wp\/v2\/media?parent=3550"}],"wp:term":[{"taxonomy":"category","embeddable":true,"href":"https:\/\/lecrindelacite.com\/fr\/wp-json\/wp\/v2\/categories?post=3550"},{"taxonomy":"post_tag","embeddable":true,"href":"https:\/\/lecrindelacite.com\/fr\/wp-json\/wp\/v2\/tags?post=3550"}],"curies":[{"name":"wp","href":"https:\/\/api.w.org\/{rel}","templated":true}]}}