{"id":3598,"date":"2026-03-24T07:42:38","date_gmt":"2026-03-24T07:42:38","guid":{"rendered":"https:\/\/lecrindelacite.com\/?p=3598"},"modified":"2026-03-24T07:42:40","modified_gmt":"2026-03-24T07:42:40","slug":"seminaires-et-team-building-a-carcassonne-un-cadre-dexception-a-lecrin-de-la-cite","status":"publish","type":"post","link":"https:\/\/lecrindelacite.com\/fr\/seminaires-et-team-building-a-carcassonne-un-cadre-dexception-a-lecrin-de-la-cite\/","title":{"rendered":"S\u00e9minaires et Team Building \u00e0 Carcassonne : un cadre d\u2019exception \u00e0 L\u2019\u00c9crin de la Cit\u00e9"},"content":{"rendered":"\n<p class=\"has-small-font-size\">Trouver un lieu qui inspire, rassemble et marque les esprits est essentiel pour organiser un s\u00e9minaire d\u2019entreprise r\u00e9ussi. \u00c0 Carcassonne, le patrimoine historique et l\u2019environnement naturel offrent un cadre id\u00e9al pour sortir des formats de r\u00e9union traditionnels.<\/p>\n\n\n\n<p class=\"has-small-font-size\">Avec ses villas haut de gamme enti\u00e8rement privatis\u00e9es, <a href=\"https:\/\/lecrindelacite.com\/\" data-type=\"page\" data-id=\"2751\">L\u2019\u00c9crin de la Cit\u00e9<\/a> propose une alternative originale aux h\u00f4tels : un lieu intimiste et \u00e9l\u00e9gant, parfaitement adapt\u00e9 aux s\u00e9minaires, comit\u00e9s de direction et team buildings. <\/p>\n\n\n\n<p class=\"has-small-font-size\">\u00c0 <strong>L\u2019\u00c9crin de la Cit\u00e9<\/strong>, nous accompagnons les entreprises dans l\u2019organisation compl\u00e8te de leur <strong>s\u00e9minaire \u00e0 Carcassonne<\/strong>, gr\u00e2ce \u00e0 un r\u00e9seau de partenaires locaux soigneusement s\u00e9lectionn\u00e9s.<\/p>\n\n\n\n<p class=\"has-small-font-size\">Notre ambition : proposer une <strong>exp\u00e9rience fluide et sur mesure<\/strong>, o\u00f9 chaque d\u00e9tail est pens\u00e9 pour le confort et la r\u00e9ussite de votre \u00e9v\u00e9nement. Les \u00e9quipes peuvent ainsi se concentrer sur l\u2019essentiel, tout en profitant d\u2019un cadre unique face \u00e0 la Cit\u00e9.<\/p>\n\n\n\n<p class=\"has-small-font-size\"><\/p>\n\n\n\n<p><\/p>\n\n\n\n<h2 class=\"wp-block-heading has-text-align-center has-text-color has-link-color wp-elements-4e8711616e761c7b7a7d064fd289a62a\" style=\"color:#596d7b\">Un lieu inspirant pour vos s\u00e9minaires d\u2019entreprise<\/h2>\n\n\n\n<p class=\"has-small-font-size\">\u00c0 seulement quelques minutes \u00e0 pied de la Cit\u00e9 de Carcassonne, class\u00e9e \u00e0 l\u2019UNESCO, les villas de L\u2019\u00c9crin de la Cit\u00e9 offrent un environnement propice \u00e0 la r\u00e9flexion, \u00e0 la cr\u00e9ativit\u00e9 et \u00e0 la coh\u00e9sion.<\/p>\n\n\n\n<p class=\"has-small-font-size\">Deux propri\u00e9t\u00e9s d\u2019exception accueillent vos \u00e9v\u00e9nements professionnels :<\/p>\n\n\n\n<div class=\"wp-block-media-text is-stacked-on-mobile is-image-fill-element\" style=\"border-width:1px\"><figure class=\"wp-block-media-text__media\"><img fetchpriority=\"high\" decoding=\"async\" width=\"1024\" height=\"574\" src=\"https:\/\/lecrindelacite.com\/wp-content\/uploads\/2026\/03\/Grand-Panorama-vue-drone-1024x574.jpg\" alt=\"Vue sur ch\u00e2teau m\u00e9di\u00e9val et villa avec piscine.\" class=\"wp-image-3630 size-full\" style=\"object-position:50% 50%\" srcset=\"https:\/\/lecrindelacite.com\/wp-content\/uploads\/2026\/03\/Grand-Panorama-vue-drone-1024x574.jpg 1024w, https:\/\/lecrindelacite.com\/wp-content\/uploads\/2026\/03\/Grand-Panorama-vue-drone-300x168.jpg 300w, https:\/\/lecrindelacite.com\/wp-content\/uploads\/2026\/03\/Grand-Panorama-vue-drone-768x430.jpg 768w, https:\/\/lecrindelacite.com\/wp-content\/uploads\/2026\/03\/Grand-Panorama-vue-drone-1536x861.jpg 1536w, https:\/\/lecrindelacite.com\/wp-content\/uploads\/2026\/03\/Grand-Panorama-vue-drone-2048x1148.jpg 2048w, https:\/\/lecrindelacite.com\/wp-content\/uploads\/2026\/03\/Grand-Panorama-vue-drone-18x10.jpg 18w\" sizes=\"(max-width: 1024px) 100vw, 1024px\" \/><\/figure><div class=\"wp-block-media-text__content\">\n<p class=\"has-text-align-center has-vivid-cyan-blue-color has-text-color has-link-color has-small-font-size wp-elements-9ab23cf973ea64fccb8fb897f77e4386\"><strong>L\u2019\u00c9crin Grand Panorama<\/strong><\/p>\n\n\n\n<p class=\"has-small-font-size\">Perch\u00e9e face aux remparts, cette villa contemporaine offre une vue spectaculaire sur la Cit\u00e9 m\u00e9di\u00e9vale. Id\u00e9ale pour un s\u00e9minaire de direction, un workshop strat\u00e9gique ou un s\u00e9jour incentive dans un cadre calme et exclusif.<\/p>\n\n\n\n<ul class=\"wp-block-list\">\n<li class=\"has-small-font-size\">Capacit\u00e9 : jusqu\u2019\u00e0 <strong>12  lits individuels<\/strong><\/li>\n\n\n\n<li class=\"has-small-font-size\"><strong>5 suites parentales<\/strong> avec salles d\u2019eau privatives<\/li>\n\n\n\n<li class=\"has-small-font-size\"><strong>Piscine chauff\u00e9e<\/strong> et jacuzzi<\/li>\n\n\n\n<li class=\"has-small-font-size\">Parc naturel d\u2019environ <strong>1 hectare<\/strong><\/li>\n\n\n\n<li class=\"has-small-font-size\">terrain de p\u00e9tanque \/ table de ping-pong<\/li>\n\n\n\n<li class=\"has-small-font-size\">Grandes terrasses avec vue sur la Cit\u00e9<\/li>\n\n\n\n<li class=\"has-small-font-size\">Cuisine enti\u00e8rement \u00e9quip\u00e9e et espaces de vie lumineux<\/li>\n\n\n\n<li class=\"has-small-font-size\">salle de jeux avec baby-foot et salle TV ( Netflix et Canal+)<\/li>\n<\/ul>\n<\/div><\/div>\n\n\n\n<p class=\"has-small-font-size\"><\/p>\n\n\n\n<div class=\"wp-block-media-text has-media-on-the-right is-stacked-on-mobile is-image-fill-element\" style=\"border-width:1px\"><div class=\"wp-block-media-text__content\">\n<p class=\"has-text-align-center has-vivid-cyan-blue-color has-text-color has-link-color has-small-font-size wp-elements-1493f1d2bfc339b0db9de094e6d1eaaa\"><strong>L\u2019\u00c9crin C\u0153ur de Vignes<\/strong><\/p>\n\n\n\n<p class=\"has-small-font-size\">\u00c0 seulement 200 m\u00e8tres des remparts, cette villa allie nature, intimit\u00e9 et confort haut de gamme. Parfaite pour r\u00e9unir une \u00e9quipe dans un cadre chaleureux et confidentiel.<\/p>\n\n\n\n<ul class=\"wp-block-list\">\n<li class=\"has-small-font-size\">Capacit\u00e9 : jusqu\u2019\u00e0 <strong>13 lits individuels<\/strong><\/li>\n\n\n\n<li class=\"has-small-font-size\"><strong>6 suites parentales<\/strong> avec salle d&rsquo;eau privatives <\/li>\n\n\n\n<li class=\"has-small-font-size\"><strong>Piscine chauff\u00e9e<\/strong><\/li>\n\n\n\n<li class=\"has-small-font-size\"><strong>2 jacuzzis<\/strong><\/li>\n\n\n\n<li class=\"has-small-font-size\">Jardin arbor\u00e9, terrain de p\u00e9tanque, table de ping-pong<\/li>\n\n\n\n<li class=\"has-small-font-size\">terrasses ombrag\u00e9es<\/li>\n\n\n\n<li class=\"has-small-font-size\">Cuisine \u00e9quip\u00e9e et espaces de vie conviviaux <\/li>\n\n\n\n<li class=\"has-small-font-size\">Salle TV avec Netflix et Canal+<\/li>\n<\/ul>\n<\/div><figure class=\"wp-block-media-text__media\"><img decoding=\"async\" width=\"1024\" height=\"768\" src=\"https:\/\/lecrindelacite.com\/wp-content\/uploads\/2025\/06\/vue-gite-luxe-cite-carcassonne-2-1024x768.jpg\" alt=\"Maison avec jardin, piscine et ch\u00e2teau m\u00e9di\u00e9val.\" class=\"wp-image-822 size-full\" style=\"object-position:50% 50%\" srcset=\"https:\/\/lecrindelacite.com\/wp-content\/uploads\/2025\/06\/vue-gite-luxe-cite-carcassonne-2-1024x768.jpg 1024w, https:\/\/lecrindelacite.com\/wp-content\/uploads\/2025\/06\/vue-gite-luxe-cite-carcassonne-2-300x225.jpg 300w, https:\/\/lecrindelacite.com\/wp-content\/uploads\/2025\/06\/vue-gite-luxe-cite-carcassonne-2-768x576.jpg 768w, https:\/\/lecrindelacite.com\/wp-content\/uploads\/2025\/06\/vue-gite-luxe-cite-carcassonne-2-1536x1152.jpg 1536w, https:\/\/lecrindelacite.com\/wp-content\/uploads\/2025\/06\/vue-gite-luxe-cite-carcassonne-2-16x12.jpg 16w, https:\/\/lecrindelacite.com\/wp-content\/uploads\/2025\/06\/vue-gite-luxe-cite-carcassonne-2.jpg 1920w\" sizes=\"(max-width: 1024px) 100vw, 1024px\" \/><\/figure><\/div>\n\n\n\n<p><\/p>\n\n\n\n<p class=\"has-small-font-size\">Pens\u00e9es pour le confort des s\u00e9jours professionnels, nos villas disposent de tous les \u00e9quipements n\u00e9cessaires pour un s\u00e9minaire r\u00e9ussi \u00e0 Carcassonne :<\/p>\n\n\n\n<ul class=\"wp-block-list\">\n<li class=\"has-small-font-size\"><strong>Wi-Fi haut d\u00e9bit<\/strong><\/li>\n\n\n\n<li class=\"has-small-font-size\"><strong>climatisation<\/strong><\/li>\n\n\n\n<li class=\"has-small-font-size\"><strong>parkings priv\u00e9s et s\u00e9curis\u00e9s<\/strong><\/li>\n\n\n\n<li class=\"has-small-font-size\"><strong>bornes de recharge pour v\u00e9hicules \u00e9lectriques<\/strong><\/li>\n\n\n\n<li class=\"has-small-font-size\"><strong>salons spacieux adapt\u00e9s aux r\u00e9unions, pr\u00e9sentations ou ateliers collaboratifs.<\/strong><\/li>\n<\/ul>\n\n\n\n<p><\/p>\n\n\n\n<p class=\"has-small-font-size\">Apr\u00e8s les sessions de travail, les terrasses, piscines et jacuzzis offrent un cadre id\u00e9al pour des moments de d\u00e9tente et de coh\u00e9sion d\u2019\u00e9quipe.<\/p>\n\n\n\n<p class=\"has-text-align-left has-small-font-size\"><strong>Les deux villas \u00e9tant proches (10 minutes \u00e0 pied), il est \u00e9galement possible d\u2019accueillir des groupes plus importants r\u00e9partis sur les deux propri\u00e9t\u00e9s.<\/strong><\/p>\n\n\n\n<h2 class=\"wp-block-heading has-text-align-center has-text-color has-link-color wp-elements-1774f07b04144427baddbc2298f879c2\" style=\"color:#596d7b\">Un s\u00e9minaire qui m\u00eale travail et exp\u00e9riences<\/h2>\n\n\n\n<p class=\"has-small-font-size\">Un s\u00e9minaire r\u00e9ussi ne se limite pas aux r\u00e9unions. Il doit aussi proposer des moments de partage et d\u2019exp\u00e9riences. <\/p>\n\n\n\n<p class=\"has-small-font-size\">Gr\u00e2ce \u00e0 notre r\u00e9seau de partenaires locaux, nous pouvons organiser :<\/p>\n\n\n\n<div class=\"wp-block-media-text is-stacked-on-mobile is-image-fill-element\" style=\"border-width:1px\"><figure class=\"wp-block-media-text__media\"><img decoding=\"async\" width=\"1024\" height=\"773\" src=\"https:\/\/lecrindelacite.com\/wp-content\/uploads\/2025\/11\/cassoulet-1024x773.jpg\" alt=\"Cassoulet traditionnel aux haricots et viande.\" class=\"wp-image-3148 size-full\" style=\"object-position:50% 50%\" srcset=\"https:\/\/lecrindelacite.com\/wp-content\/uploads\/2025\/11\/cassoulet-1024x773.jpg 1024w, https:\/\/lecrindelacite.com\/wp-content\/uploads\/2025\/11\/cassoulet-300x226.jpg 300w, https:\/\/lecrindelacite.com\/wp-content\/uploads\/2025\/11\/cassoulet-768x580.jpg 768w, https:\/\/lecrindelacite.com\/wp-content\/uploads\/2025\/11\/cassoulet-16x12.jpg 16w, https:\/\/lecrindelacite.com\/wp-content\/uploads\/2025\/11\/cassoulet.jpg 1080w\" sizes=\"(max-width: 1024px) 100vw, 1024px\" \/><\/figure><div class=\"wp-block-media-text__content\">\n<p><\/p>\n\n\n\n<p><\/p>\n\n\n\n<p class=\"has-text-align-center has-small-font-size\"><strong>Exp\u00e9riences gastronomiques<\/strong><\/p>\n\n\n\n<ul class=\"wp-block-list\">\n<li class=\"has-small-font-size\">D\u00e9couverte de la gastronomie occitane <\/li>\n\n\n\n<li class=\"has-small-font-size\"><a href=\"https:\/\/lecrindelacite.com\/nos-partenaires\/\" data-type=\"page\" data-id=\"20\">Chef \u00e0 domicile<\/a> pour un d\u00eener d\u2019exception: l\u2019exp\u00e9rience d\u2019un chef , du chef \u00e9toil\u00e9 au cuisinier priv\u00e9, sans quitter le confort de la villa.<\/li>\n\n\n\n<li class=\"has-small-font-size\">Soir\u00e9e gastronomique dans un restaurant embl\u00e9matique<\/li>\n<\/ul>\n\n\n\n<p><\/p>\n\n\n\n<p class=\"has-small-font-size\"><\/p>\n<\/div><\/div>\n\n\n\n<div class=\"wp-block-media-text has-media-on-the-right is-stacked-on-mobile is-image-fill-element\" style=\"border-width:1px\"><div class=\"wp-block-media-text__content\">\n<p><\/p>\n\n\n\n<p><\/p>\n\n\n\n<p class=\"has-text-align-center has-small-font-size\"><strong>Activit\u00e9s team building<\/strong><\/p>\n\n\n\n<ul class=\"wp-block-list\">\n<li class=\"has-small-font-size\">Visites priv\u00e9es de la Cit\u00e9 de Carcassonne<\/li>\n\n\n\n<li class=\"has-small-font-size\"><a href=\"https:\/\/lecrindelacite.com\/nos-partenaires\/\" data-type=\"page\" data-id=\"20\">Ateliers culinaires<\/a> :\n<ul class=\"wp-block-list\">\n<li class=\"has-small-font-size\" style=\"text-decoration:none\">atelier pizza <\/li>\n\n\n\n<li>atelier p\u00e2tisserie<\/li>\n\n\n\n<li>ateliers \u0153nologiques<\/li>\n<\/ul>\n<\/li>\n<\/ul>\n\n\n\n<ul class=\"wp-block-list\">\n<li class=\"has-small-font-size\">Activit\u00e9s sportives, partenaire <a href=\"https:\/\/lecrindelacite.com\/nos-partenaires\/\" data-type=\"page\" data-id=\"20\">location de v\u00e9los<\/a><\/li>\n<\/ul>\n\n\n\n<p><\/p>\n\n\n\n<p class=\"has-small-font-size\"><\/p>\n<\/div><figure class=\"wp-block-media-text__media\"><img loading=\"lazy\" decoding=\"async\" width=\"1024\" height=\"683\" src=\"https:\/\/lecrindelacite.com\/wp-content\/uploads\/2026\/03\/Coeur-de-vignes-Int-2-1024x683.jpg\" alt=\"Chef retirant une pizza du four ext\u00e9rieur\" class=\"wp-image-3627 size-full\" style=\"object-position:32% 43%\" srcset=\"https:\/\/lecrindelacite.com\/wp-content\/uploads\/2026\/03\/Coeur-de-vignes-Int-2-1024x683.jpg 1024w, https:\/\/lecrindelacite.com\/wp-content\/uploads\/2026\/03\/Coeur-de-vignes-Int-2-300x200.jpg 300w, https:\/\/lecrindelacite.com\/wp-content\/uploads\/2026\/03\/Coeur-de-vignes-Int-2-768x512.jpg 768w, https:\/\/lecrindelacite.com\/wp-content\/uploads\/2026\/03\/Coeur-de-vignes-Int-2-1536x1024.jpg 1536w, https:\/\/lecrindelacite.com\/wp-content\/uploads\/2026\/03\/Coeur-de-vignes-Int-2-2048x1365.jpg 2048w, https:\/\/lecrindelacite.com\/wp-content\/uploads\/2026\/03\/Coeur-de-vignes-Int-2-18x12.jpg 18w\" sizes=\"(max-width: 1024px) 100vw, 1024px\" \/><\/figure><\/div>\n\n\n\n<div class=\"wp-block-media-text is-stacked-on-mobile is-image-fill-element\" style=\"border-width:1px\"><figure class=\"wp-block-media-text__media\"><img loading=\"lazy\" decoding=\"async\" width=\"1024\" height=\"768\" src=\"https:\/\/lecrindelacite.com\/wp-content\/uploads\/2026\/03\/seance-yoga-1024x768.jpeg\" alt=\"Cours de yoga en plein air devant maison.\" class=\"wp-image-3632 size-full\" style=\"object-position:50% 50%\" srcset=\"https:\/\/lecrindelacite.com\/wp-content\/uploads\/2026\/03\/seance-yoga-1024x768.jpeg 1024w, https:\/\/lecrindelacite.com\/wp-content\/uploads\/2026\/03\/seance-yoga-300x225.jpeg 300w, https:\/\/lecrindelacite.com\/wp-content\/uploads\/2026\/03\/seance-yoga-768x576.jpeg 768w, https:\/\/lecrindelacite.com\/wp-content\/uploads\/2026\/03\/seance-yoga-1536x1152.jpeg 1536w, https:\/\/lecrindelacite.com\/wp-content\/uploads\/2026\/03\/seance-yoga-16x12.jpeg 16w, https:\/\/lecrindelacite.com\/wp-content\/uploads\/2026\/03\/seance-yoga.jpeg 1600w\" sizes=\"(max-width: 1024px) 100vw, 1024px\" \/><\/figure><div class=\"wp-block-media-text__content\">\n<p class=\"has-text-align-center has-small-font-size\"><strong>Bien-\u00eatre et d\u00e9connexion<\/strong><\/p>\n\n\n\n<ul class=\"wp-block-list\">\n<li class=\"has-small-font-size\"><a href=\"https:\/\/lecrindelacite.com\/nos-partenaires\/\" data-type=\"page\" data-id=\"20\">Massages et soins bien-\u00eatre<\/a> \u00e0 la villa<\/li>\n\n\n\n<li class=\"has-small-font-size\">Coaching ou activit\u00e9s de relaxation<\/li>\n\n\n\n<li class=\"has-small-font-size\">Moments de d\u00e9tente autour de la piscine ou du jacuzzi<\/li>\n<\/ul>\n\n\n\n<p class=\"has-small-font-size\"><\/p>\n<\/div><\/div>\n\n\n\n<p><\/p>\n\n\n\n<p class=\"has-small-font-size\">Ces exp\u00e9riences permettent de renforcer la coh\u00e9sion d\u2019\u00e9quipe tout en profitant d\u2019un environnement exceptionnel.<\/p>\n\n\n\n<h2 class=\"wp-block-heading has-text-align-center has-text-color has-link-color wp-elements-b7c30b56549e58bdaead110d22eed85b\" style=\"color:#596d7b\">Une destination facilement accessible<\/h2>\n\n\n\n<p class=\"has-small-font-size\">Carcassonne est une destination tr\u00e8s facile d\u2019acc\u00e8s pour les entreprises fran\u00e7aises et europ\u00e9ennes souhaitant organiser un s\u00e9minaire.<\/p>\n\n\n\n<p class=\"has-small-font-size\">La ville dispose notamment de :<\/p>\n\n\n\n<ul class=\"wp-block-list\">\n<li class=\"has-small-font-size\">l\u2019A\u00e9roport de Carcassonne avec plusieurs liaisons europ\u00e9ennes<\/li>\n\n\n\n<li class=\"has-small-font-size\">une gare SNCF reliant rapidement Toulouse, Montpellier ou Paris<\/li>\n\n\n\n<li class=\"has-small-font-size\">un acc\u00e8s direct par l\u2019autoroute A61<\/li>\n<\/ul>\n\n\n\n<p class=\"has-small-font-size\">Elle se situe \u00e9galement \u00e0 environ une heure des a\u00e9roports de Toulouse, B\u00e9ziers et Perpignan.<\/p>\n\n\n\n<p class=\"has-small-font-size\">Afin de faciliter l\u2019organisation de votre s\u00e9jour, L\u2019\u00c9crin de la Cit\u00e9 travaille \u00e9galement avec un partenaire local de confiance pour les <a href=\"https:\/\/lecrindelacite.com\/nos-partenaires\/\" data-type=\"page\" data-id=\"20\">transferts priv\u00e9s<\/a> pour une arriv\u00e9e simple et confortable, particuli\u00e8rement appr\u00e9ci\u00e9e lors des s\u00e9minaires de <strong>2 \u00e0 3 jours.<\/strong><\/p>\n\n\n\n<h2 class=\"wp-block-heading has-text-align-center has-text-color has-link-color wp-elements-cce2a214e19be9f4eeaad7ac3f61e2c9\" style=\"color:#596d7b\"><strong>Organisez votre s\u00e9minaire sur mesure<\/strong><\/h2>\n\n\n\n<p class=\"has-small-font-size\">Chaque entreprise est diff\u00e9rente. C\u2019est pourquoi L\u2019\u00c9crin de la Cit\u00e9 propose <strong>des s\u00e9jours enti\u00e8rement personnalis\u00e9s<\/strong>.<\/p>\n\n\n\n<p class=\"has-small-font-size\">Notre objectif : cr\u00e9er un s\u00e9minaire m\u00e9morable, \u00e0 la fois efficace et f\u00e9d\u00e9rateur.<\/p>\n\n\n\n<p class=\"has-small-font-size\">Pour organiser votre prochain s\u00e9minaire \u00e0 Carcassonne, <a href=\"https:\/\/lecrindelacite.com\/nous-contacter\/\" data-type=\"page\" data-id=\"24\">contactez-nous<\/a> et cr\u00e9ons ensemble une exp\u00e9rience unique.<\/p>\n\n\n\n<p><\/p>\n","protected":false},"excerpt":{"rendered":"<p>Trouver un lieu qui inspire, rassemble et marque les esprits est essentiel pour organiser un s\u00e9minaire d\u2019entreprise r\u00e9ussi. \u00c0 Carcassonne, l\u2019environnement historique et naturel offre un cadre exceptionnel pour sortir du cadre habituel des r\u00e9unions.<\/p>\n","protected":false},"author":1,"featured_media":85,"comment_status":"open","ping_status":"open","sticky":false,"template":"","format":"standard","meta":{"_acf_changed":false,"_seopress_robots_primary_cat":"none","_seopress_titles_title":"S\u00e9minaire et team building \u00e0 Carcassonne | L\u2019\u00c9crin de la Cit\u00e9","_seopress_titles_desc":"Organisez votre s\u00e9minaire ou team building \u00e0 Carcassonne dans une villa de luxe face \u00e0 la Cit\u00e9. Jusqu\u2019\u00e0 25 personnes, prestations sur mesure et activit\u00e9s.","_seopress_robots_index":"","footnotes":""},"categories":[1],"tags":[],"class_list":["post-3598","post","type-post","status-publish","format-standard","has-post-thumbnail","hentry","category-uncategorized"],"acf":[],"_links":{"self":[{"href":"https:\/\/lecrindelacite.com\/fr\/wp-json\/wp\/v2\/posts\/3598","targetHints":{"allow":["GET"]}}],"collection":[{"href":"https:\/\/lecrindelacite.com\/fr\/wp-json\/wp\/v2\/posts"}],"about":[{"href":"https:\/\/lecrindelacite.com\/fr\/wp-json\/wp\/v2\/types\/post"}],"author":[{"embeddable":true,"href":"https:\/\/lecrindelacite.com\/fr\/wp-json\/wp\/v2\/users\/1"}],"replies":[{"embeddable":true,"href":"https:\/\/lecrindelacite.com\/fr\/wp-json\/wp\/v2\/comments?post=3598"}],"version-history":[{"count":48,"href":"https:\/\/lecrindelacite.com\/fr\/wp-json\/wp\/v2\/posts\/3598\/revisions"}],"predecessor-version":[{"id":3688,"href":"https:\/\/lecrindelacite.com\/fr\/wp-json\/wp\/v2\/posts\/3598\/revisions\/3688"}],"wp:featuredmedia":[{"embeddable":true,"href":"https:\/\/lecrindelacite.com\/fr\/wp-json\/wp\/v2\/media\/85"}],"wp:attachment":[{"href":"https:\/\/lecrindelacite.com\/fr\/wp-json\/wp\/v2\/media?parent=3598"}],"wp:term":[{"taxonomy":"category","embeddable":true,"href":"https:\/\/lecrindelacite.com\/fr\/wp-json\/wp\/v2\/categories?post=3598"},{"taxonomy":"post_tag","embeddable":true,"href":"https:\/\/lecrindelacite.com\/fr\/wp-json\/wp\/v2\/tags?post=3598"}],"curies":[{"name":"wp","href":"https:\/\/api.w.org\/{rel}","templated":true}]}}