{"id":4002,"date":"2026-04-27T18:17:26","date_gmt":"2026-04-27T18:17:26","guid":{"rendered":"https:\/\/lecrindelacite.com\/?p=4002"},"modified":"2026-04-27T18:17:28","modified_gmt":"2026-04-27T18:17:28","slug":"carcassonne-sans-voiture-le-luxe-dun-sejour-en-villa","status":"publish","type":"post","link":"https:\/\/lecrindelacite.com\/fr\/carcassonne-sans-voiture-le-luxe-dun-sejour-en-villa\/","title":{"rendered":"Carcassonne sans voiture : le luxe d\u2019un s\u00e9jour en villa"},"content":{"rendered":"\n<p class=\"has-small-font-size\">Arriver.<br>Poser ses valises.<br>Et laisser le reste dispara\u00eetre.<\/p>\n\n\n\n<p class=\"has-small-font-size\">\u00c0 Carcassonne, \u00e0 quelques minutes \u00e0 pied de la Cit\u00e9, certaines villas permettent aujourd\u2019hui de vivre un s\u00e9jour enti\u00e8rement sans voiture.<\/p>\n\n\n\n<p class=\"has-small-font-size\">Le temps change de rythme d\u00e8s les premiers instants.<\/p>\n\n\n\n<p class=\"has-small-font-size\">\u00c0 <a href=\"https:\/\/lecrindelacite.com\/\" data-type=\"page\" data-id=\"2751\">L\u2019\u00c9crin de la Cit\u00e9<\/a>, il n\u2019y a rien \u00e0 organiser.<br>Rien \u00e0 anticiper.<\/p>\n\n\n\n<p class=\"has-small-font-size\">Seulement l\u2019\u00e9vidence d\u2019\u00eatre l\u00e0.<\/p>\n\n\n\n<p class=\"has-small-font-size\">Et, tr\u00e8s vite, celle de ne plus avoir besoin de voiture.<\/p>\n\n\n\n<h2 class=\"wp-block-heading has-text-align-center has-text-color has-link-color has-small-font-size wp-elements-b9e5f4309e292f0680e728857283cfb4\" style=\"color:#1f2a44\">Un s\u00e9jour sans voiture \u00e0 Carcassonne, naturellement<\/h2>\n\n\n\n<figure class=\"wp-block-image\"><img decoding=\"async\" src=\"https:\/\/images.openai.com\/static-rsc-4\/2TlzEq9kfH5NDpPuz7UnL_U1ILUAEvtchgHGPx-IXY_UYbWvEYT41SBj1nUcRNPtgb3Mdgbyj7AFMKmll4c6SkEaMvGfbfM040yOpLmL7gMg0rb_aP-tmMR_-TahXfg7LQv_9HJ0iEi1Gto65gze6U9-8oEIeT5qtD_S7Qww40Q?purpose=inline\" alt=\"Cit\u00e9 de Carcassonne, vue des remparts\"\/><\/figure>\n\n\n\n<p class=\"has-small-font-size\">Il y a des lieux o\u00f9 la voiture devient inutile sans m\u00eame qu\u2019on y pense. Carcassonne en fait partie.<\/p>\n\n\n\n<p class=\"has-small-font-size\">La Cit\u00e9 de Carcassonne est compacte, vivante, enti\u00e8rement accessible \u00e0 pied depuis les villas <a href=\"https:\/\/lecrindelacite.com\/les-maisons\/grand-panorama\/\" data-type=\"page\" data-id=\"18\">Grand Panorama<\/a> ( 12 personnes) et <a href=\"https:\/\/lecrindelacite.com\/les-maisons\/coeur-de-vignes\/\" data-type=\"page\" data-id=\"19\">C\u0153ur de Vignes<\/a> ( 15 personnes) de L\u2019\u00c9crin de la Cit\u00e9.<\/p>\n\n\n\n<p class=\"has-small-font-size\">Que l\u2019on vienne en famille, entre amis ou pour un s\u00e9jour en groupe, tout se fait \u00e0 pied, sans contrainte.<\/p>\n\n\n\n<p class=\"has-small-font-size\">Et tout devient simple :<\/p>\n\n\n\n<ul class=\"wp-block-list\">\n<li class=\"has-small-font-size\">les remparts \u00e0 quelques minutes<\/li>\n\n\n\n<li class=\"has-small-font-size\">les ruelles m\u00e9di\u00e9vales accessibles \u00e0 pied<\/li>\n\n\n\n<li class=\"has-small-font-size\">les restaurants sans trajet \u00e0 pr\u00e9voir<\/li>\n\n\n\n<li class=\"has-small-font-size\">les soir\u00e9es qui se prolongent librement<\/li>\n<\/ul>\n\n\n\n<p><\/p>\n\n\n\n<p class=\"has-small-font-size\"><strong>Depuis les villas, les distances s\u2019effacent.<\/strong><\/p>\n\n\n\n<p class=\"has-small-font-size\">On marche.<br>On s\u2019attarde.<br>On revient quand on veut.<\/p>\n\n\n\n<p class=\"has-small-font-size\">\ud83d\udc49 Ici, la voiture devient secondaire. Tr\u00e8s vite, elle n\u2019est plus n\u00e9cessaire.<\/p>\n\n\n\n<h2 class=\"wp-block-heading has-text-align-center has-text-color has-link-color has-small-font-size wp-elements-63ce8ecc41081bf73414d3bcf7431c82\" style=\"color:#1f2a44\">Des villas d\u2019exception pens\u00e9es comme une destination<\/h2>\n\n\n\n<p class=\"has-small-font-size\">Deux mani\u00e8res de vivre Carcassonne<\/p>\n\n\n\n<p class=\"has-small-font-size\">La contempler\u2026<br>Ou y \u00eatre plong\u00e9.<\/p>\n\n\n\n<p class=\"has-text-align-center has-text-color has-link-color has-small-font-size wp-elements-cdc83029b72e6187d9fa8eaae6757b12\" style=\"color:#21516f\">L&rsquo;\u00c9crin Grand Panorama<\/p>\n\n\n\n<p class=\"has-text-align-center has-small-font-size\">Contempler la Cit\u00e9. Prendre de la hauteur.<\/p>\n\n\n\n<div class=\"wp-block-columns is-layout-flex wp-container-core-columns-is-layout-28f84493 wp-block-columns-is-layout-flex\">\n<div class=\"wp-block-column is-layout-flow wp-block-column-is-layout-flow\" style=\"flex-basis:25%\">\n<figure class=\"wp-block-image size-large\"><img fetchpriority=\"high\" decoding=\"async\" width=\"1440\" height=\"1080\" src=\"https:\/\/lecrindelacite.com\/wp-content\/uploads\/2026\/04\/Lecrin-Grand-Panorama-Vue-Aerienne-Officielle-1-edited.jpg\" alt=\"Villa Grand Panorama et cit\u00e9 m\u00e9di\u00e9vale \u00e0 Carcassonne, France.\" class=\"wp-image-4030\" srcset=\"https:\/\/lecrindelacite.com\/wp-content\/uploads\/2026\/04\/Lecrin-Grand-Panorama-Vue-Aerienne-Officielle-1-edited.jpg 1440w, https:\/\/lecrindelacite.com\/wp-content\/uploads\/2026\/04\/Lecrin-Grand-Panorama-Vue-Aerienne-Officielle-1-edited-300x225.jpg 300w, https:\/\/lecrindelacite.com\/wp-content\/uploads\/2026\/04\/Lecrin-Grand-Panorama-Vue-Aerienne-Officielle-1-edited-1024x768.jpg 1024w, https:\/\/lecrindelacite.com\/wp-content\/uploads\/2026\/04\/Lecrin-Grand-Panorama-Vue-Aerienne-Officielle-1-edited-768x576.jpg 768w, https:\/\/lecrindelacite.com\/wp-content\/uploads\/2026\/04\/Lecrin-Grand-Panorama-Vue-Aerienne-Officielle-1-edited-16x12.jpg 16w\" sizes=\"(max-width: 1440px) 100vw, 1440px\" \/><\/figure>\n<\/div>\n\n\n\n<div class=\"wp-block-column is-layout-flow wp-block-column-is-layout-flow\" style=\"flex-basis:25%\">\n<figure class=\"wp-block-image size-large\"><img decoding=\"async\" width=\"2560\" height=\"1919\" src=\"https:\/\/lecrindelacite.com\/wp-content\/uploads\/2026\/04\/Suite-3-1-edited-scaled.jpg\" alt=\"Chambre lumineuse avec d\u00e9co moderne et lit double.\" class=\"wp-image-4047\" srcset=\"https:\/\/lecrindelacite.com\/wp-content\/uploads\/2026\/04\/Suite-3-1-edited-scaled.jpg 2560w, https:\/\/lecrindelacite.com\/wp-content\/uploads\/2026\/04\/Suite-3-1-edited-300x225.jpg 300w, https:\/\/lecrindelacite.com\/wp-content\/uploads\/2026\/04\/Suite-3-1-edited-1024x768.jpg 1024w, https:\/\/lecrindelacite.com\/wp-content\/uploads\/2026\/04\/Suite-3-1-edited-768x576.jpg 768w, https:\/\/lecrindelacite.com\/wp-content\/uploads\/2026\/04\/Suite-3-1-edited-1536x1152.jpg 1536w, https:\/\/lecrindelacite.com\/wp-content\/uploads\/2026\/04\/Suite-3-1-edited-2048x1536.jpg 2048w, https:\/\/lecrindelacite.com\/wp-content\/uploads\/2026\/04\/Suite-3-1-edited-16x12.jpg 16w\" sizes=\"(max-width: 2560px) 100vw, 2560px\" \/><\/figure>\n<\/div>\n\n\n\n<div class=\"wp-block-column is-layout-flow wp-block-column-is-layout-flow\" style=\"flex-basis:25%\">\n<figure class=\"wp-block-image size-large\"><img decoding=\"async\" width=\"2560\" height=\"1919\" src=\"https:\/\/lecrindelacite.com\/wp-content\/uploads\/2026\/04\/DSC_1642-edited-scaled.jpg\" alt=\"Table ext\u00e9rieure dress\u00e9e vue piscine et Cit\u00e9 de Carcassonne- L'\u00c9crin Grand Panorama\" class=\"wp-image-4048\" srcset=\"https:\/\/lecrindelacite.com\/wp-content\/uploads\/2026\/04\/DSC_1642-edited-scaled.jpg 2560w, https:\/\/lecrindelacite.com\/wp-content\/uploads\/2026\/04\/DSC_1642-edited-300x225.jpg 300w, https:\/\/lecrindelacite.com\/wp-content\/uploads\/2026\/04\/DSC_1642-edited-1024x768.jpg 1024w, https:\/\/lecrindelacite.com\/wp-content\/uploads\/2026\/04\/DSC_1642-edited-768x576.jpg 768w, https:\/\/lecrindelacite.com\/wp-content\/uploads\/2026\/04\/DSC_1642-edited-1536x1152.jpg 1536w, https:\/\/lecrindelacite.com\/wp-content\/uploads\/2026\/04\/DSC_1642-edited-2048x1536.jpg 2048w, https:\/\/lecrindelacite.com\/wp-content\/uploads\/2026\/04\/DSC_1642-edited-16x12.jpg 16w\" sizes=\"(max-width: 2560px) 100vw, 2560px\" \/><\/figure>\n<\/div>\n\n\n\n<div class=\"wp-block-column is-layout-flow wp-block-column-is-layout-flow\" style=\"flex-basis:25%\">\n<figure class=\"wp-block-image size-large\"><img loading=\"lazy\" decoding=\"async\" width=\"1708\" height=\"1280\" src=\"https:\/\/lecrindelacite.com\/wp-content\/uploads\/2026\/04\/Salon-2-luxe-gite-carcassonne-edited-1.jpg\" alt=\"Salon de la villa Grand Panorama\" class=\"wp-image-4034\" srcset=\"https:\/\/lecrindelacite.com\/wp-content\/uploads\/2026\/04\/Salon-2-luxe-gite-carcassonne-edited-1.jpg 1708w, https:\/\/lecrindelacite.com\/wp-content\/uploads\/2026\/04\/Salon-2-luxe-gite-carcassonne-edited-1-300x225.jpg 300w, https:\/\/lecrindelacite.com\/wp-content\/uploads\/2026\/04\/Salon-2-luxe-gite-carcassonne-edited-1-1024x767.jpg 1024w, https:\/\/lecrindelacite.com\/wp-content\/uploads\/2026\/04\/Salon-2-luxe-gite-carcassonne-edited-1-768x576.jpg 768w, https:\/\/lecrindelacite.com\/wp-content\/uploads\/2026\/04\/Salon-2-luxe-gite-carcassonne-edited-1-1536x1151.jpg 1536w, https:\/\/lecrindelacite.com\/wp-content\/uploads\/2026\/04\/Salon-2-luxe-gite-carcassonne-edited-1-16x12.jpg 16w\" sizes=\"(max-width: 1708px) 100vw, 1708px\" \/><\/figure>\n<\/div>\n<\/div>\n\n\n\n<p class=\"has-small-font-size\">L\u2019\u00c9crin Grand Panorama domine la Cit\u00e9 de Carcassonne avec une vue spectaculaire \u00e0 360\u00b0 sur les remparts, les vignes et les paysages environnants, jusqu\u2019aux Pyr\u00e9n\u00e9es.<\/p>\n\n\n\n<p class=\"has-small-font-size\">Ici, aucun vis-\u00e0-vis. Aucun bruit. Seulement l\u2019espace, la lumi\u00e8re et une sensation imm\u00e9diate de recul.<\/p>\n\n\n\n<p class=\"has-small-font-size\">Un lieu pens\u00e9 pour ralentir, observer, profiter autrement.<\/p>\n\n\n\n<p class=\"has-small-font-size\">Id\u00e9al pour :<br>\u2013 les s\u00e9jours en groupe jusqu\u2019\u00e0 12 personnes<br>\u2013 les moments de d\u00e9connexion totale<br>\u2013 les s\u00e9jours o\u00f9 l\u2019on privil\u00e9gie le calme et la vue<\/p>\n\n\n\n<p class=\"has-text-align-center has-text-color has-link-color has-small-font-size wp-elements-9e6a20e4b9d348078f01a846e092b0e7\" style=\"color:#21516f\">L\u2019\u00c9crin C\u0153ur de Vignes<\/p>\n\n\n\n<p class=\"has-text-align-center has-small-font-size\">Vivre Carcassonne. \u00catre au plus proche des remparts<\/p>\n\n\n\n<div class=\"wp-block-columns is-layout-flex wp-container-core-columns-is-layout-28f84493 wp-block-columns-is-layout-flex\">\n<div class=\"wp-block-column is-layout-flow wp-block-column-is-layout-flow\" style=\"flex-basis:25%\">\n<figure class=\"wp-block-image size-large\"><img loading=\"lazy\" decoding=\"async\" width=\"2560\" height=\"1920\" src=\"https:\/\/lecrindelacite.com\/wp-content\/uploads\/2026\/04\/Coeur-de-Vignes-Vue-aerienne-edited-scaled.jpg\" alt=\"L'\u00c9crin C\u0153ur de vignes avec piscine pr\u00e8s des remparts de Carcassonne.\" class=\"wp-image-4036\" srcset=\"https:\/\/lecrindelacite.com\/wp-content\/uploads\/2026\/04\/Coeur-de-Vignes-Vue-aerienne-edited-scaled.jpg 2560w, https:\/\/lecrindelacite.com\/wp-content\/uploads\/2026\/04\/Coeur-de-Vignes-Vue-aerienne-edited-300x225.jpg 300w, https:\/\/lecrindelacite.com\/wp-content\/uploads\/2026\/04\/Coeur-de-Vignes-Vue-aerienne-edited-1024x768.jpg 1024w, https:\/\/lecrindelacite.com\/wp-content\/uploads\/2026\/04\/Coeur-de-Vignes-Vue-aerienne-edited-768x576.jpg 768w, https:\/\/lecrindelacite.com\/wp-content\/uploads\/2026\/04\/Coeur-de-Vignes-Vue-aerienne-edited-1536x1152.jpg 1536w, https:\/\/lecrindelacite.com\/wp-content\/uploads\/2026\/04\/Coeur-de-Vignes-Vue-aerienne-edited-2048x1536.jpg 2048w, https:\/\/lecrindelacite.com\/wp-content\/uploads\/2026\/04\/Coeur-de-Vignes-Vue-aerienne-edited-16x12.jpg 16w\" sizes=\"(max-width: 2560px) 100vw, 2560px\" \/><\/figure>\n<\/div>\n\n\n\n<div class=\"wp-block-column is-layout-flow wp-block-column-is-layout-flow\" style=\"flex-basis:25%\">\n<figure class=\"wp-block-image size-large\"><img loading=\"lazy\" decoding=\"async\" width=\"2277\" height=\"1707\" src=\"https:\/\/lecrindelacite.com\/wp-content\/uploads\/2026\/04\/Coeur-de-Vignes-Suite-n\u00b06-edited.jpg\" alt=\"Chambre avec vue sur la citadelle historique.\" class=\"wp-image-4038\" srcset=\"https:\/\/lecrindelacite.com\/wp-content\/uploads\/2026\/04\/Coeur-de-Vignes-Suite-n\u00b06-edited.jpg 2277w, https:\/\/lecrindelacite.com\/wp-content\/uploads\/2026\/04\/Coeur-de-Vignes-Suite-n\u00b06-edited-300x225.jpg 300w, https:\/\/lecrindelacite.com\/wp-content\/uploads\/2026\/04\/Coeur-de-Vignes-Suite-n\u00b06-edited-1024x768.jpg 1024w, https:\/\/lecrindelacite.com\/wp-content\/uploads\/2026\/04\/Coeur-de-Vignes-Suite-n\u00b06-edited-768x576.jpg 768w, https:\/\/lecrindelacite.com\/wp-content\/uploads\/2026\/04\/Coeur-de-Vignes-Suite-n\u00b06-edited-1536x1151.jpg 1536w, https:\/\/lecrindelacite.com\/wp-content\/uploads\/2026\/04\/Coeur-de-Vignes-Suite-n\u00b06-edited-2048x1535.jpg 2048w, https:\/\/lecrindelacite.com\/wp-content\/uploads\/2026\/04\/Coeur-de-Vignes-Suite-n\u00b06-edited-16x12.jpg 16w\" sizes=\"(max-width: 2277px) 100vw, 2277px\" \/><\/figure>\n<\/div>\n\n\n\n<div class=\"wp-block-column is-layout-flow wp-block-column-is-layout-flow\" style=\"flex-basis:25%\">\n<figure class=\"wp-block-image size-full\"><img loading=\"lazy\" decoding=\"async\" width=\"623\" height=\"467\" src=\"https:\/\/lecrindelacite.com\/wp-content\/uploads\/2026\/04\/terrasse-exterieure-haut-de-gamme-edited.jpg\" alt=\"Terrasse moderne avec piscine, vue panoramique.\" class=\"wp-image-4039\" srcset=\"https:\/\/lecrindelacite.com\/wp-content\/uploads\/2026\/04\/terrasse-exterieure-haut-de-gamme-edited.jpg 623w, https:\/\/lecrindelacite.com\/wp-content\/uploads\/2026\/04\/terrasse-exterieure-haut-de-gamme-edited-300x225.jpg 300w, https:\/\/lecrindelacite.com\/wp-content\/uploads\/2026\/04\/terrasse-exterieure-haut-de-gamme-edited-16x12.jpg 16w\" sizes=\"(max-width: 623px) 100vw, 623px\" \/><\/figure>\n<\/div>\n\n\n\n<div class=\"wp-block-column is-layout-flow wp-block-column-is-layout-flow\" style=\"flex-basis:25%\">\n<figure class=\"wp-block-image size-large\"><img loading=\"lazy\" decoding=\"async\" width=\"2560\" height=\"1921\" src=\"https:\/\/lecrindelacite.com\/wp-content\/uploads\/2026\/04\/Coeur-de-vignes-Int-19-edited-scaled.jpg\" alt=\"Grande cuisine-salon moderne avec \u00e9clairage suspendu.\" class=\"wp-image-4040\" srcset=\"https:\/\/lecrindelacite.com\/wp-content\/uploads\/2026\/04\/Coeur-de-vignes-Int-19-edited-scaled.jpg 2560w, https:\/\/lecrindelacite.com\/wp-content\/uploads\/2026\/04\/Coeur-de-vignes-Int-19-edited-300x225.jpg 300w, https:\/\/lecrindelacite.com\/wp-content\/uploads\/2026\/04\/Coeur-de-vignes-Int-19-edited-1024x768.jpg 1024w, https:\/\/lecrindelacite.com\/wp-content\/uploads\/2026\/04\/Coeur-de-vignes-Int-19-edited-768x576.jpg 768w, https:\/\/lecrindelacite.com\/wp-content\/uploads\/2026\/04\/Coeur-de-vignes-Int-19-edited-1536x1152.jpg 1536w, https:\/\/lecrindelacite.com\/wp-content\/uploads\/2026\/04\/Coeur-de-vignes-Int-19-edited-2048x1537.jpg 2048w, https:\/\/lecrindelacite.com\/wp-content\/uploads\/2026\/04\/Coeur-de-vignes-Int-19-edited-16x12.jpg 16w\" sizes=\"(max-width: 2560px) 100vw, 2560px\" \/><\/figure>\n<\/div>\n<\/div>\n\n\n\n<p class=\"has-small-font-size\">\u00c0 seulement 200 m\u00e8tres de la Cit\u00e9 de Carcassonne, L\u2019\u00c9crin C\u0153ur de Vignes s\u2019inscrit au c\u0153ur des vignes, avec des terrasses ouvertes, des vues crois\u00e9es sur les remparts et une connexion directe \u00e0 l\u2019ambiance vivante de Carcassonne.<\/p>\n\n\n\n<p class=\"has-small-font-size\">On sort, on marche quelques minutes, et la Cit\u00e9 est l\u00e0. Puis on revient, naturellement.<\/p>\n\n\n\n<p class=\"has-small-font-size\">Un lieu pens\u00e9 pour alterner entre animation et intimit\u00e9.<\/p>\n\n\n\n<p class=\"has-small-font-size\">Id\u00e9al pour :<br>\u2013 les groupes jusqu\u2019\u00e0 15 personnes<br>\u2013 ceux qui veulent tout faire \u00e0 pied<br>\u2013 les s\u00e9jours rythm\u00e9s entre visites, restaurants et d\u00e9tente<\/p>\n\n\n\n<p class=\"has-text-align-center has-text-color has-link-color has-small-font-size wp-elements-b9de1167e18affd178b2e7d1c01eacb4\" style=\"color:#21516f\">Une m\u00eame exigence<\/p>\n\n\n\n<p class=\"has-small-font-size\">Sur place dans chaque villa :<\/p>\n\n\n\n<p class=\"has-small-font-size\">piscine chauff\u00e9e<br>jacuzzi ext\u00e9rieur<br>terrain de p\u00e9tanque<br>espaces de jeux<br>grandes terrasses ouvertes sur le paysage<\/p>\n\n\n\n<p class=\"has-small-font-size\">Les journ\u00e9es ne se planifient pas. Elles s\u2019installent.<\/p>\n\n\n\n<div class=\"wp-block-columns is-layout-flex wp-container-core-columns-is-layout-28f84493 wp-block-columns-is-layout-flex\">\n<div class=\"wp-block-column is-layout-flow wp-block-column-is-layout-flow\" style=\"flex-basis:25%\">\n<figure class=\"wp-block-image size-large\"><img loading=\"lazy\" decoding=\"async\" width=\"683\" height=\"1024\" src=\"https:\/\/lecrindelacite.com\/wp-content\/uploads\/2026\/04\/piscine-luxe-caracassonne-683x1024.jpg\" alt=\"piscine de l\u2019\u00c9crin Grand Panorama\" class=\"wp-image-4027\" srcset=\"https:\/\/lecrindelacite.com\/wp-content\/uploads\/2026\/04\/piscine-luxe-caracassonne-683x1024.jpg 683w, https:\/\/lecrindelacite.com\/wp-content\/uploads\/2026\/04\/piscine-luxe-caracassonne-200x300.jpg 200w, https:\/\/lecrindelacite.com\/wp-content\/uploads\/2026\/04\/piscine-luxe-caracassonne-768x1152.jpg 768w, https:\/\/lecrindelacite.com\/wp-content\/uploads\/2026\/04\/piscine-luxe-caracassonne-1024x1536.jpg 1024w, https:\/\/lecrindelacite.com\/wp-content\/uploads\/2026\/04\/piscine-luxe-caracassonne-8x12.jpg 8w, https:\/\/lecrindelacite.com\/wp-content\/uploads\/2026\/04\/piscine-luxe-caracassonne.jpg 1280w\" sizes=\"(max-width: 683px) 100vw, 683px\" \/><\/figure>\n<\/div>\n\n\n\n<div class=\"wp-block-column is-layout-flow wp-block-column-is-layout-flow\" style=\"flex-basis:25%\">\n<figure class=\"wp-block-image size-large\"><img loading=\"lazy\" decoding=\"async\" width=\"683\" height=\"1024\" src=\"https:\/\/lecrindelacite.com\/wp-content\/uploads\/2025\/07\/exterieur-haut-de-gamme-pingpong-683x1024.jpg\" alt=\"Table de ping-pong face \u00e0 la Cit\u00e9 de Carcassonne \u00e0 l\u2019\u00c9crin Grand Panorama\" class=\"wp-image-1955\" srcset=\"https:\/\/lecrindelacite.com\/wp-content\/uploads\/2025\/07\/exterieur-haut-de-gamme-pingpong-683x1024.jpg 683w, https:\/\/lecrindelacite.com\/wp-content\/uploads\/2025\/07\/exterieur-haut-de-gamme-pingpong-200x300.jpg 200w, https:\/\/lecrindelacite.com\/wp-content\/uploads\/2025\/07\/exterieur-haut-de-gamme-pingpong-768x1152.jpg 768w, https:\/\/lecrindelacite.com\/wp-content\/uploads\/2025\/07\/exterieur-haut-de-gamme-pingpong-1024x1536.jpg 1024w, https:\/\/lecrindelacite.com\/wp-content\/uploads\/2025\/07\/exterieur-haut-de-gamme-pingpong-8x12.jpg 8w, https:\/\/lecrindelacite.com\/wp-content\/uploads\/2025\/07\/exterieur-haut-de-gamme-pingpong.jpg 1280w\" sizes=\"(max-width: 683px) 100vw, 683px\" \/><\/figure>\n<\/div>\n\n\n\n<div class=\"wp-block-column is-layout-flow wp-block-column-is-layout-flow\" style=\"flex-basis:25%\">\n<figure class=\"wp-block-image size-large\"><img loading=\"lazy\" decoding=\"async\" width=\"683\" height=\"1024\" src=\"https:\/\/lecrindelacite.com\/wp-content\/uploads\/2026\/04\/jacuzzi-gite-vacances-carcassonne-cite-3-683x1024.jpg\" alt=\"Vue sur la Cit\u00e9 de Carcassonne depuis le jacuzzi de l\u2019\u00c9crin C\u0153ur de Vignes\" class=\"wp-image-4025\" srcset=\"https:\/\/lecrindelacite.com\/wp-content\/uploads\/2026\/04\/jacuzzi-gite-vacances-carcassonne-cite-3-683x1024.jpg 683w, https:\/\/lecrindelacite.com\/wp-content\/uploads\/2026\/04\/jacuzzi-gite-vacances-carcassonne-cite-3-200x300.jpg 200w, https:\/\/lecrindelacite.com\/wp-content\/uploads\/2026\/04\/jacuzzi-gite-vacances-carcassonne-cite-3-768x1152.jpg 768w, https:\/\/lecrindelacite.com\/wp-content\/uploads\/2026\/04\/jacuzzi-gite-vacances-carcassonne-cite-3-1024x1536.jpg 1024w, https:\/\/lecrindelacite.com\/wp-content\/uploads\/2026\/04\/jacuzzi-gite-vacances-carcassonne-cite-3-8x12.jpg 8w, https:\/\/lecrindelacite.com\/wp-content\/uploads\/2026\/04\/jacuzzi-gite-vacances-carcassonne-cite-3.jpg 1280w\" sizes=\"(max-width: 683px) 100vw, 683px\" \/><\/figure>\n<\/div>\n\n\n\n<div class=\"wp-block-column is-layout-flow wp-block-column-is-layout-flow\" style=\"flex-basis:25%\">\n<figure class=\"wp-block-image size-large\"><img loading=\"lazy\" decoding=\"async\" width=\"683\" height=\"1024\" src=\"https:\/\/lecrindelacite.com\/wp-content\/uploads\/2026\/04\/petanque-gite-cite-carcassonne-1-683x1024.jpg\" alt=\"Cit\u00e9 de Carcassonne vue du terrain de p\u00e9tanque de l\u2019\u00c9crin C\u0153ur de Vignes\" class=\"wp-image-4026\" srcset=\"https:\/\/lecrindelacite.com\/wp-content\/uploads\/2026\/04\/petanque-gite-cite-carcassonne-1-683x1024.jpg 683w, https:\/\/lecrindelacite.com\/wp-content\/uploads\/2026\/04\/petanque-gite-cite-carcassonne-1-200x300.jpg 200w, https:\/\/lecrindelacite.com\/wp-content\/uploads\/2026\/04\/petanque-gite-cite-carcassonne-1-768x1152.jpg 768w, https:\/\/lecrindelacite.com\/wp-content\/uploads\/2026\/04\/petanque-gite-cite-carcassonne-1-1024x1536.jpg 1024w, https:\/\/lecrindelacite.com\/wp-content\/uploads\/2026\/04\/petanque-gite-cite-carcassonne-1-8x12.jpg 8w, https:\/\/lecrindelacite.com\/wp-content\/uploads\/2026\/04\/petanque-gite-cite-carcassonne-1.jpg 1280w\" sizes=\"(max-width: 683px) 100vw, 683px\" \/><\/figure>\n<\/div>\n<\/div>\n\n\n\n<p class=\"has-small-font-size\">Un \u00e9quilibre rare entre villa de luxe \u00e0 Carcassonne, capacit\u00e9 d\u2019accueil et emplacement \u00e0 pied de la Cit\u00e9 de Carcassonne.<\/p>\n\n\n\n<p class=\"has-small-font-size\">Pouvoir r\u00e9unir en un seul lieu :<\/p>\n\n\n\n<p class=\"has-small-font-size\">un acc\u00e8s \u00e0 pied \u00e0 la Cit\u00e9<br>une capacit\u00e9 d\u2019accueil pour groupe<br>une piscine et des jacuzzis<br>une borne de recharge \u00e9lectrique<br>un niveau de confort haut de gamme<\/p>\n\n\n\n<p class=\"has-small-font-size\">reste encore difficile \u00e0 trouver.<\/p>\n\n\n\n<p class=\"has-small-font-size\">\ud83d\udc49 Cette singularit\u00e9 explique une forte demande sur les p\u00e9riodes cl\u00e9s.<br><strong>Notamment pour les locations de villas \u00e0 Carcassonne pour 10, 12 ou 15 personnes<\/strong><\/p>\n\n\n\n<div class=\"wp-block-columns is-layout-flex wp-container-core-columns-is-layout-28f84493 wp-block-columns-is-layout-flex\">\n<div class=\"wp-block-column is-layout-flow wp-block-column-is-layout-flow\"><\/div>\n\n\n\n<div class=\"wp-block-column is-layout-flow wp-block-column-is-layout-flow\"><\/div>\n\n\n\n<div class=\"wp-block-column is-layout-flow wp-block-column-is-layout-flow\"><\/div>\n\n\n\n<div class=\"wp-block-column is-layout-flow wp-block-column-is-layout-flow\"><\/div>\n<\/div>\n\n\n\n<h2 class=\"wp-block-heading has-text-align-center has-text-color has-link-color has-small-font-size wp-elements-47fd31f264ba6991187e00f2f32ee0cd\" style=\"color:#1f2a44\">Le voyage commence avant d\u2019arriver<\/h2>\n\n\n\n<p class=\"has-small-font-size\">Il y a ceux qui arrivent en train.<br>D\u2019autres qui choisissent de venir par les airs.<\/p>\n\n\n\n<p class=\"has-small-font-size\">La Gare de Carcassonne comme l\u2019A\u00e9roport de Carcassonne <strong>prolongent cette impression de fluidit\u00e9<\/strong>.<\/p>\n\n\n\n<p class=\"has-small-font-size\">On quitte son point de d\u00e9part.<br>Et, sans rupture, le s\u00e9jour s\u2019installe d\u00e9j\u00e0.<\/p>\n\n\n\n<p class=\"has-small-font-size\">Sans effort.<br>Sans transition visible.<\/p>\n\n\n\n<p class=\"has-small-font-size\">Comme si l\u2019on entrait directement dans un autre rythme. Un s\u00e9jour \u00e0 Carcassonne qui commence d\u00e8s le trajet, sans contrainte de transport sur place.<\/p>\n\n\n\n<p><\/p>\n\n\n\n<h2 class=\"wp-block-heading has-text-align-center has-text-color has-link-color has-small-font-size wp-elements-8cf55d17e40cf134ec09e72d9119c967\" style=\"color:#1f2a44\">Voyager en voiture \u00e9lectrique : tout est d\u00e9j\u00e0 pr\u00e9vu<\/h2>\n\n\n\n<div class=\"wp-block-media-text is-stacked-on-mobile\"><figure class=\"wp-block-media-text__media\"><img loading=\"lazy\" decoding=\"async\" width=\"1024\" height=\"683\" src=\"https:\/\/lecrindelacite.com\/wp-content\/uploads\/2025\/07\/Parking-Recharge-Elec-2-1024x683.jpg\" alt=\"Recharge d'une voiture \u00e9lectrique en cours \u00e0 l\u2019\u00c9crin de la Cit\u00e9\" class=\"wp-image-1959 size-full\" srcset=\"https:\/\/lecrindelacite.com\/wp-content\/uploads\/2025\/07\/Parking-Recharge-Elec-2-1024x683.jpg 1024w, https:\/\/lecrindelacite.com\/wp-content\/uploads\/2025\/07\/Parking-Recharge-Elec-2-300x200.jpg 300w, https:\/\/lecrindelacite.com\/wp-content\/uploads\/2025\/07\/Parking-Recharge-Elec-2-768x512.jpg 768w, https:\/\/lecrindelacite.com\/wp-content\/uploads\/2025\/07\/Parking-Recharge-Elec-2-1536x1024.jpg 1536w, https:\/\/lecrindelacite.com\/wp-content\/uploads\/2025\/07\/Parking-Recharge-Elec-2-2048x1366.jpg 2048w, https:\/\/lecrindelacite.com\/wp-content\/uploads\/2025\/07\/Parking-Recharge-Elec-2-18x12.jpg 18w\" sizes=\"(max-width: 1024px) 100vw, 1024px\" \/><\/figure><div class=\"wp-block-media-text__content\">\n<p class=\"has-small-font-size\">Pour les voyageurs en v\u00e9hicule \u00e9lectrique, la question de la recharge est souvent centrale.<\/p>\n\n\n\n<p class=\"has-small-font-size\">Ici, elle dispara\u00eet.<\/p>\n\n\n\n<p class=\"has-small-font-size\">Chaque villa dispose d\u2019une <strong>borne de recharge privative 11 kW.<\/strong><\/p>\n\n\n\n<p class=\"has-small-font-size\">On branche en arrivant.<br>On repart le lendemain avec un v\u00e9hicule pr\u00eat.<\/p>\n\n\n\n<p class=\"has-small-font-size\">\ud83d\udc49 Pas de recherche de borne.<br>\ud83d\udc49 Pas de contrainte d\u2019organisation.<br>\ud83d\udc49 Pas d\u2019incertitude.<\/p>\n<\/div><\/div>\n\n\n\n<p class=\"has-small-font-size\">Un confort devenu essentiel pour les s\u00e9jours en villa haut de gamme \u00e0 Carcassonne.<\/p>\n\n\n\n<p><\/p>\n\n\n\n<h2 class=\"wp-block-heading has-text-align-center has-text-color has-link-color has-small-font-size wp-elements-1600a9ed569c0f4ad706195eee7d71b5\" style=\"color:#1f2a44\">Une mobilit\u00e9 qui s\u2019efface naturellement<\/h2>\n\n\n\n<p class=\"has-small-font-size\">Pour ceux qui arrivent en train, en avion, ou qui souhaitent simplement s\u2019accorder quelques d\u00e9placements ponctuels sur place, tout se fait avec la m\u00eame \u00e9vidence : sans effort, sans organisation, sans rupture dans le rythme du s\u00e9jour.<\/p>\n\n\n\n<p class=\"has-small-font-size\">\u00c0 L\u2019\u00c9crin de la Cit\u00e9, l\u2019exp\u00e9rience ne s\u2019arr\u00eate pas aux murs de la villa. Elle s\u2019\u00e9tend discr\u00e8tement \u00e0 tout ce qui rend le s\u00e9jour fluide d\u00e8s l\u2019arriv\u00e9e.<\/p>\n\n\n\n<p class=\"has-small-font-size\">Des solutions existent pour accompagner les besoins du s\u00e9jour : transferts, location de v\u00e9los ou de v\u00e9hicules si n\u00e9cessaire.<\/p>\n\n\n\n<p class=\"has-small-font-size\">\ud83d\udc49 Gr\u00e2ce \u00e0 des <a href=\"https:\/\/lecrindelacite.com\/nos-partenaires\/\" data-type=\"page\" data-id=\"20\">partenaires locaux s\u00e9lectionn\u00e9s<\/a>, <strong>tout s\u2019anticipe en amont, sans effort.<\/strong> Une organisation qui dispara\u00eet compl\u00e8tement, pour ne laisser place qu\u2019au s\u00e9jour.<\/p>\n\n\n\n<div class=\"wp-block-columns is-layout-flex wp-container-core-columns-is-layout-28f84493 wp-block-columns-is-layout-flex\">\n<div class=\"wp-block-column is-layout-flow wp-block-column-is-layout-flow\" style=\"flex-basis:33.34%\">\n<figure class=\"wp-block-gallery has-nested-images columns-default is-cropped wp-block-gallery-1 is-layout-flex wp-block-gallery-is-layout-flex\">\n<figure class=\"wp-block-image size-large\"><img loading=\"lazy\" decoding=\"async\" width=\"1350\" height=\"1012\" data-id=\"4021\" src=\"https:\/\/lecrindelacite.com\/wp-content\/uploads\/2026\/04\/Transferts-edited.png\" alt=\"Dominique chauffeur vip pour transferts des locataires\" class=\"wp-image-4021\" srcset=\"https:\/\/lecrindelacite.com\/wp-content\/uploads\/2026\/04\/Transferts-edited.png 1350w, https:\/\/lecrindelacite.com\/wp-content\/uploads\/2026\/04\/Transferts-edited-300x225.png 300w, https:\/\/lecrindelacite.com\/wp-content\/uploads\/2026\/04\/Transferts-edited-1024x768.png 1024w, https:\/\/lecrindelacite.com\/wp-content\/uploads\/2026\/04\/Transferts-edited-768x576.png 768w, https:\/\/lecrindelacite.com\/wp-content\/uploads\/2026\/04\/Transferts-edited-16x12.png 16w\" sizes=\"(max-width: 1350px) 100vw, 1350px\" \/><\/figure>\n<\/figure>\n<\/div>\n\n\n\n<div class=\"wp-block-column is-layout-flow wp-block-column-is-layout-flow\" style=\"flex-basis:33.34%\">\n<figure class=\"wp-block-image size-full\"><img loading=\"lazy\" decoding=\"async\" width=\"1200\" height=\"900\" src=\"https:\/\/lecrindelacite.com\/wp-content\/uploads\/2026\/04\/Easyvelo-a-Lecrin-de-la-Cite-Carcassonne-edited.jpg\" alt=\"V\u00e9los \u00e9lectriques en location \u00e0 l\u2019\u00c9crin de la Cit\u00e9\" class=\"wp-image-4022\" srcset=\"https:\/\/lecrindelacite.com\/wp-content\/uploads\/2026\/04\/Easyvelo-a-Lecrin-de-la-Cite-Carcassonne-edited.jpg 1200w, https:\/\/lecrindelacite.com\/wp-content\/uploads\/2026\/04\/Easyvelo-a-Lecrin-de-la-Cite-Carcassonne-edited-300x225.jpg 300w, https:\/\/lecrindelacite.com\/wp-content\/uploads\/2026\/04\/Easyvelo-a-Lecrin-de-la-Cite-Carcassonne-edited-1024x768.jpg 1024w, https:\/\/lecrindelacite.com\/wp-content\/uploads\/2026\/04\/Easyvelo-a-Lecrin-de-la-Cite-Carcassonne-edited-768x576.jpg 768w, https:\/\/lecrindelacite.com\/wp-content\/uploads\/2026\/04\/Easyvelo-a-Lecrin-de-la-Cite-Carcassonne-edited-16x12.jpg 16w\" sizes=\"(max-width: 1200px) 100vw, 1200px\" \/><\/figure>\n<\/div>\n\n\n\n<div class=\"wp-block-column is-layout-flow wp-block-column-is-layout-flow\" style=\"flex-basis:33.33%\">\n<figure class=\"wp-block-image size-full\"><img loading=\"lazy\" decoding=\"async\" width=\"687\" height=\"512\" src=\"https:\/\/lecrindelacite.com\/wp-content\/uploads\/2025\/06\/location-mercedes.png\" alt=\"location de v\u00e9hicules possible \u00e0 l\u2019\u00c9crin de la Cit\u00e9\" class=\"wp-image-1523\" srcset=\"https:\/\/lecrindelacite.com\/wp-content\/uploads\/2025\/06\/location-mercedes.png 687w, https:\/\/lecrindelacite.com\/wp-content\/uploads\/2025\/06\/location-mercedes-300x224.png 300w, https:\/\/lecrindelacite.com\/wp-content\/uploads\/2025\/06\/location-mercedes-16x12.png 16w\" sizes=\"(max-width: 687px) 100vw, 687px\" \/><\/figure>\n<\/div>\n<\/div>\n\n\n\n<p class=\"has-small-font-size\"><\/p>\n\n\n\n<h2 class=\"wp-block-heading has-text-align-center has-text-color has-link-color has-small-font-size wp-elements-428aa662d8ab85896a76b5c03bc936d1\" style=\"color:#1f2a44\">Tout faire \u00e0 pied, sans contrainte<\/h2>\n\n\n\n<p class=\"has-small-font-size\">Depuis les villas, le rythme est simple :<\/p>\n\n\n\n<p class=\"has-small-font-size\">Le matin, la Cit\u00e9 encore calme.<br>La journ\u00e9e entre piscine et d\u00e9tente.<br>Le soir, les remparts illumin\u00e9s.<br>Puis le retour \u00e0 pied, naturellement.<\/p>\n\n\n\n<p class=\"has-small-font-size\">\ud83d\udc49 Aucun d\u00e9placement <strong>n\u00e9cessaire<\/strong>.<br>\ud83d\udc49 Aucun besoin de voiture.<\/p>\n\n\n\n<p class=\"has-small-font-size\">Une mani\u00e8re diff\u00e9rente de d\u00e9couvrir Carcassonne, plus lente, plus fluide.<\/p>\n\n\n\n<p class=\"has-small-font-size\"><\/p>\n\n\n\n<h2 class=\"wp-block-heading has-text-align-center has-text-color has-link-color has-small-font-size wp-elements-b68e273c7f327b330141cd66d43fe672\" style=\"color:#1f2a44\">Le luxe aujourd\u2019hui<\/h2>\n\n\n\n<p class=\"has-small-font-size\">Le luxe ne se mesure plus seulement \u00e0 l\u2019endroit.<\/p>\n\n\n\n<p class=\"has-small-font-size\">Mais \u00e0 ce qu\u2019il permet :<\/p>\n\n\n\n<p class=\"has-small-font-size\">Moins de d\u00e9placements.<br>Moins d\u2019organisation.<br>Plus de temps ensemble.<\/p>\n\n\n\n<p class=\"has-small-font-size\">\ud83d\udc49 Un s\u00e9jour fluide, \u00e9vident. Sans friction.<\/p>\n\n\n\n<p class=\"has-small-font-size\">Au fond, tout est d\u00e9j\u00e0 l\u00e0.<\/p>\n\n\n\n<p class=\"has-small-font-size\">La Cit\u00e9 de Carcassonne \u00e0 port\u00e9e de pas.<br>Le confort d\u2019une villa pens\u00e9e pour ne manquer de rien.<br>Et cette sensation rare de ne plus avoir \u00e0 organiser.<\/p>\n\n\n\n<p class=\"has-small-font-size\">Il ne reste qu\u2019une chose \u00e0 faire :<strong> <a href=\"https:\/\/lecrindelacite.com\/\" data-type=\"page\" data-id=\"2751\">choisir vos dates.<\/a><\/strong><\/p>\n\n\n\n<p class=\"has-small-font-size\"><strong>\ud83d\udc49 <a href=\"https:\/\/lecrindelacite.com\/\" data-type=\"page\" data-id=\"2751\">V\u00e9rifier les disponibilit\u00e9s des villas<\/a><\/strong><br><strong>\ud83d\udc49<a href=\"https:\/\/lecrindelacite.com\/les-maisons\/\" data-type=\"page\" data-id=\"17\">Choisir votre villa : L\u2019\u00c9crin Grand Panorama ou L\u2019\u00c9crin C\u0153ur de Vignes<\/a><\/strong><\/p>\n\n\n\n<p class=\"has-small-font-size\">Parce que les s\u00e9jours les plus simples sont souvent ceux qu\u2019on r\u00e9serve \u00e0 temps.<\/p>\n\n\n\n<p><\/p>\n","protected":false},"excerpt":{"rendered":"<p>S\u00e9journer \u00e0 Carcassonne sans voiture devient une \u00e9vidence lorsque tout est accessible \u00e0 pied depuis la Cit\u00e9 de Carcassonne. Entre villas de luxe, vues exceptionnelles et art de vivre sans contrainte, d\u00e9couvrez deux fa\u00e7ons uniques de vivre Carcassonne : la contempler\u2026 ou y \u00eatre plong\u00e9.<\/p>\n","protected":false},"author":1,"featured_media":4056,"comment_status":"open","ping_status":"open","sticky":false,"template":"","format":"standard","meta":{"_acf_changed":false,"_seopress_robots_primary_cat":"none","_seopress_titles_title":"Location villa luxe Carcassonne. Piscine, borne recharge \u00e9lectrique","_seopress_titles_desc":"S\u00e9journez dans une villa de luxe \u00e0 Carcassonne au pied de la Cit\u00e9. Piscine chauff\u00e9e, jacuzzi, borne de recharge \u00e9lectrique. Acc\u00e8s en train ou s\u00e9jour sans voiture possible.","_seopress_robots_index":"","footnotes":""},"categories":[1],"tags":[],"class_list":["post-4002","post","type-post","status-publish","format-standard","has-post-thumbnail","hentry","category-uncategorized"],"acf":[],"_links":{"self":[{"href":"https:\/\/lecrindelacite.com\/fr\/wp-json\/wp\/v2\/posts\/4002","targetHints":{"allow":["GET"]}}],"collection":[{"href":"https:\/\/lecrindelacite.com\/fr\/wp-json\/wp\/v2\/posts"}],"about":[{"href":"https:\/\/lecrindelacite.com\/fr\/wp-json\/wp\/v2\/types\/post"}],"author":[{"embeddable":true,"href":"https:\/\/lecrindelacite.com\/fr\/wp-json\/wp\/v2\/users\/1"}],"replies":[{"embeddable":true,"href":"https:\/\/lecrindelacite.com\/fr\/wp-json\/wp\/v2\/comments?post=4002"}],"version-history":[{"count":33,"href":"https:\/\/lecrindelacite.com\/fr\/wp-json\/wp\/v2\/posts\/4002\/revisions"}],"predecessor-version":[{"id":4060,"href":"https:\/\/lecrindelacite.com\/fr\/wp-json\/wp\/v2\/posts\/4002\/revisions\/4060"}],"wp:featuredmedia":[{"embeddable":true,"href":"https:\/\/lecrindelacite.com\/fr\/wp-json\/wp\/v2\/media\/4056"}],"wp:attachment":[{"href":"https:\/\/lecrindelacite.com\/fr\/wp-json\/wp\/v2\/media?parent=4002"}],"wp:term":[{"taxonomy":"category","embeddable":true,"href":"https:\/\/lecrindelacite.com\/fr\/wp-json\/wp\/v2\/categories?post=4002"},{"taxonomy":"post_tag","embeddable":true,"href":"https:\/\/lecrindelacite.com\/fr\/wp-json\/wp\/v2\/tags?post=4002"}],"curies":[{"name":"wp","href":"https:\/\/api.w.org\/{rel}","templated":true}]}}